{"id":61852,"date":"2026-08-17T10:41:43","date_gmt":"2026-08-17T09:41:43","guid":{"rendered":"https:\/\/suffolkcommunitylibraries.co.uk\/?p=61852"},"modified":"2026-08-17T10:41:46","modified_gmt":"2026-08-17T09:41:46","slug":"parkinsons-book-collection","status":"publish","type":"post","link":"https:\/\/suffolkcommunitylibraries.co.uk\/lt\/parkinsons-book-collection\/","title":{"rendered":"Books on Parkinson&#8217;s"},"content":{"rendered":"<p>[et_pb_section fb_built=&#8221;1&#8243; _builder_version=&#8221;4.27.6&#8243; _module_preset=&#8221;default&#8221; da_disable_devices=&#8221;off|off|off&#8221; global_colors_info=&#8221;{}&#8221; da_is_popup=&#8221;off&#8221; da_exit_intent=&#8221;off&#8221; da_has_close=&#8221;on&#8221; da_alt_close=&#8221;off&#8221; da_dark_close=&#8221;off&#8221; da_not_modal=&#8221;on&#8221; da_is_singular=&#8221;off&#8221; da_with_loader=&#8221;off&#8221; da_has_shadow=&#8221;on&#8221;][et_pb_row _builder_version=&#8221;4.27.6&#8243; _module_preset=&#8221;default&#8221; global_colors_info=&#8221;{}&#8221;][et_pb_column type=&#8221;4_4&#8243; _builder_version=&#8221;4.27.6&#8243; _module_preset=&#8221;default&#8221; global_colors_info=&#8221;{}&#8221;][et_pb_text _builder_version=&#8221;4.27.7&#8243; _module_preset=&#8221;default&#8221; text_font_size=&#8221;19px&#8221; text_line_height=&#8221;1.3em&#8221; link_font_size=&#8221;19px&#8221; global_colors_info=&#8221;{}&#8221;]<\/p>\n<p>Take a look at these recommended books on Parkinson&#8217;s, available to borrow for free with your library card. These books can be reserved to collect from any library in Suffolk.<\/p>\n<p>A physical collection will also be available to view in-person at Stowmarket Library.<\/p>\n<p>Want more suggested books? Take a look at <a href=\"https:\/\/suffolkcommunitylibraries.co.uk\/borrow\/recommendations\/\">our recommendations<\/a>.<\/p>\n<p>[\/et_pb_text][\/et_pb_column][\/et_pb_row][et_pb_row column_structure=&#8221;2_5,3_5&#8243; _builder_version=&#8221;4.27.6&#8243; _module_preset=&#8221;default&#8221; global_colors_info=&#8221;{}&#8221;][et_pb_column type=&#8221;2_5&#8243; _builder_version=&#8221;4.27.6&#8243; _module_preset=&#8221;default&#8221; global_colors_info=&#8221;{}&#8221;][et_pb_image src=&#8221;https:\/\/suffolkcommunitylibraries.co.uk\/wp-content\/uploads\/2026\/08\/An-Extra-Pair-of-Hands.jpg&#8221; alt=&#8221;An Extra Pair of Hands&#8221; title_text=&#8221;An Extra Pair of Hands&#8221; url=&#8221;https:\/\/suffolk.spydus.co.uk\/cgi-bin\/spydus.exe\/ENQ\/OPAC\/BIBENQ?SETLVL=&#038;BRN=3096168&#8243; url_new_window=&#8221;on&#8221; _builder_version=&#8221;4.27.7&#8243; _module_preset=&#8221;default&#8221; global_colors_info=&#8221;{}&#8221;][\/et_pb_image][\/et_pb_column][et_pb_column type=&#8221;3_5&#8243; _builder_version=&#8221;4.27.6&#8243; _module_preset=&#8221;default&#8221; global_colors_info=&#8221;{}&#8221;][et_pb_text _builder_version=&#8221;4.27.7&#8243; _module_preset=&#8221;default&#8221; text_font_size=&#8221;19px&#8221; text_line_height=&#8221;1.3em&#8221; link_font_size=&#8221;19px&#8221; global_colors_info=&#8221;{}&#8221;]<\/p>\n<h3><strong><em>An Extra Pair of Hands: A Story of Caring, Ageing and Everyday Acts of Love<\/em><\/strong><\/h3>\n<p><strong>Kate Mosse<\/strong><\/p>\n<p>Ten years ago, Kate Mosse began to help her heroic mother care for her beloved father, who was suffering from Parkinson&#8217;s disease. <\/p>\n<p>In this lyrical and humorous book, she reflects on more than a decade of multi-generational living and being an &#8216;extra pair of hands&#8217;, first for her parents and now for her wonderful 90-year-old mother-in-law. <\/p>\n<p>Interspersed with snapshots of the overlooked voices of carers of the past &#8211; from poems, diaries and folk remedies that have survived the centuries &#8211; Kate looks at the contemporary landscape of care in a world of slashed budgets and at the women bearing the brunt of austerity as they battle to hold families of all shapes and sizes together.<\/p>\n<p><a href=\"https:\/\/suffolk.spydus.co.uk\/cgi-bin\/spydus.exe\/ENQ\/OPAC\/BIBENQ?SETLVL=&#038;BRN=3096168\" target=\"_blank\" rel=\"noopener\">Borrow <em>An Extra Pair of Hands<\/em>\u00a0\u2192<\/a>[\/et_pb_text][\/et_pb_column][\/et_pb_row][et_pb_row column_structure=&#8221;2_5,3_5&#8243; _builder_version=&#8221;4.27.6&#8243; _module_preset=&#8221;default&#8221; global_colors_info=&#8221;{}&#8221;][et_pb_column type=&#8221;2_5&#8243; _builder_version=&#8221;4.27.6&#8243; _module_preset=&#8221;default&#8221; global_colors_info=&#8221;{}&#8221;][et_pb_image src=&#8221;https:\/\/suffolkcommunitylibraries.co.uk\/wp-content\/uploads\/2026\/08\/No-Time-Like-the-Future.jpg&#8221; alt=&#8221;No Time Like the Future&#8221; title_text=&#8221;No Time Like the Future&#8221; url=&#8221;https:\/\/suffolk.spydus.co.uk\/cgi-bin\/spydus.exe\/ENQ\/OPAC\/BIBENQ?SETLVL=&#038;BRN=2953937&#8243; url_new_window=&#8221;on&#8221; _builder_version=&#8221;4.27.7&#8243; _module_preset=&#8221;default&#8221; global_colors_info=&#8221;{}&#8221;][\/et_pb_image][\/et_pb_column][et_pb_column type=&#8221;3_5&#8243; _builder_version=&#8221;4.27.6&#8243; _module_preset=&#8221;default&#8221; global_colors_info=&#8221;{}&#8221;][et_pb_text _builder_version=&#8221;4.27.7&#8243; _module_preset=&#8221;default&#8221; text_font_size=&#8221;19px&#8221; text_line_height=&#8221;1.3em&#8221; link_font_size=&#8221;19px&#8221; global_colors_info=&#8221;{}&#8221;]<\/p>\n<h3><strong><em>No Time Like the Future: An Optimist Considers Mortality<\/em><\/strong><\/h3>\n<p><strong>Michael J. Fox<\/strong><\/p>\n<p>The entire world knows Michael J. Fox as Marty McFly, the teenage sidekick of Doc Brown in &#8216;Back to the Future&#8217;; as Alex P. Keaton in &#8216;Family Ties&#8217;; and through numerous other movie roles and guest appearances on shows such as &#8216;The Good Wife&#8217;. <\/p>\n<p>Diagnosed at age 29, Michael is equally engaged in Parkinson&#8217;s advocacy work, raising global awareness of the disease and helping find a cure through The Michael J. Fox Foundation for Parkinson&#8217;s Research, the world&#8217;s leading non-profit funder of PD science. His two previous memoirs, &#8216;Lucky Man&#8217; and &#8216;Always Looking Up&#8217;, dealt with how he came to terms with the illness, all the while exhibiting his iconic optimism. <\/p>\n<p>In &#8216;No Time Like the Future&#8217;, Michael shares personal stories and observations about illness and health, ageing, the strength of family and friends, and how our perceptions about time affect the way we approach mortality.<\/p>\n<p><a href=\"https:\/\/suffolk.spydus.co.uk\/cgi-bin\/spydus.exe\/ENQ\/OPAC\/BIBENQ?SETLVL=&#038;BRN=2953937\" target=\"_blank\" rel=\"noopener\">Borrow <em>No Time Like the Future<\/em>\u00a0\u2192<\/a>[\/et_pb_text][\/et_pb_column][\/et_pb_row][et_pb_row column_structure=&#8221;2_5,3_5&#8243; _builder_version=&#8221;4.27.6&#8243; _module_preset=&#8221;default&#8221; global_colors_info=&#8221;{}&#8221;][et_pb_column type=&#8221;2_5&#8243; _builder_version=&#8221;4.27.6&#8243; _module_preset=&#8221;default&#8221; global_colors_info=&#8221;{}&#8221;][et_pb_image src=&#8221;https:\/\/suffolkcommunitylibraries.co.uk\/wp-content\/uploads\/2026\/08\/Music-as-Medicine.jpg&#8221; alt=&#8221;Music as Medicine&#8221; title_text=&#8221;Music as Medicine&#8221; url=&#8221;https:\/\/suffolk.spydus.co.uk\/cgi-bin\/spydus.exe\/ENQ\/OPAC\/BIBENQ?SETLVL=&#038;BRN=3677187&#8243; url_new_window=&#8221;on&#8221; _builder_version=&#8221;4.27.7&#8243; _module_preset=&#8221;default&#8221; global_colors_info=&#8221;{}&#8221;][\/et_pb_image][\/et_pb_column][et_pb_column type=&#8221;3_5&#8243; _builder_version=&#8221;4.27.6&#8243; _module_preset=&#8221;default&#8221; global_colors_info=&#8221;{}&#8221;][et_pb_text _builder_version=&#8221;4.27.7&#8243; _module_preset=&#8221;default&#8221; text_font_size=&#8221;19px&#8221; text_line_height=&#8221;1.3em&#8221; link_font_size=&#8221;19px&#8221; global_colors_info=&#8221;{}&#8221;]<\/p>\n<h3><strong><em>Music as Medicine: How We Can Harness its Therapeutic Power<\/em><\/strong><\/h3>\n<p><strong>Daniel J. Levitin<\/strong><\/p>\n<p>We are only just beginning to appreciate the healing power of music. In recent years, a wave of scientific research has upended everything we once knew about its effects on our brains &#8211; not only in reducing stress, but also in enhancing cognitive function, slowing the spread of neurodegenerative diseases like Parkinson&#8217;s and Alzheimer&#8217;s, even strengthening our immune systems. <\/p>\n<p>Here, a neuroscientist and celebrated musician introduces a bold new paradigm for medical treatment, rooted in the unexpected influence of music on our minds and bodies. From explaining how &#8216;rhythmic auditory stimulation&#8217; can fight multiple sclerosis, to examining why Tracy Chapman&#8217;s songs might just help cure PTSD, Professor Daniel Levitin offers surprising insights into the new science of music as medicine.<\/p>\n<p><a href=\"https:\/\/suffolk.spydus.co.uk\/cgi-bin\/spydus.exe\/ENQ\/OPAC\/BIBENQ?SETLVL=&#038;BRN=3677187\" target=\"_blank\" rel=\"noopener\">Borrow <em>Music as Medicine<\/em>\u00a0\u2192<\/a>[\/et_pb_text][\/et_pb_column][\/et_pb_row][et_pb_row column_structure=&#8221;2_5,3_5&#8243; _builder_version=&#8221;4.27.6&#8243; _module_preset=&#8221;default&#8221; global_colors_info=&#8221;{}&#8221;][et_pb_column type=&#8221;2_5&#8243; _builder_version=&#8221;4.27.6&#8243; _module_preset=&#8221;default&#8221; global_colors_info=&#8221;{}&#8221;][et_pb_image src=&#8221;https:\/\/suffolkcommunitylibraries.co.uk\/wp-content\/uploads\/2026\/08\/Bend-Dont-Break.jpg&#8221; alt=&#8221;Bend Don&#8217;t Break&#8221; title_text=&#8221;Bend Don&#8217;t Break&#8221; url=&#8221;https:\/\/suffolk.spydus.co.uk\/cgi-bin\/spydus.exe\/ENQ\/OPAC\/BIBENQ?SETLVL=&#038;BRN=3477182&#8243; url_new_window=&#8221;on&#8221; _builder_version=&#8221;4.27.7&#8243; _module_preset=&#8221;default&#8221; global_colors_info=&#8221;{}&#8221;][\/et_pb_image][\/et_pb_column][et_pb_column type=&#8221;3_5&#8243; _builder_version=&#8221;4.27.6&#8243; _module_preset=&#8221;default&#8221; global_colors_info=&#8221;{}&#8221;][et_pb_text _builder_version=&#8221;4.27.7&#8243; _module_preset=&#8221;default&#8221; text_font_size=&#8221;19px&#8221; text_line_height=&#8221;1.3em&#8221; link_font_size=&#8221;19px&#8221; global_colors_info=&#8221;{}&#8221;]<\/p>\n<h3><strong><em>Bend, Don&#8217;t Break: A Memoir of Endurance<\/em><\/strong><\/h3>\n<p><strong>Frank O&#8217;Mara<\/strong><\/p>\n<p>Limerick man Frank O&#8217;Mara had the athletics career most only dream of, competing for Ireland in three Olympic Games and breaking Irish and world records. After his retirement from running, he settled in the US with his family and made his way to the top of the telecoms industry. <\/p>\n<p>Then at age 48, his life changed forever when he was diagnosed with early onset Parkinson&#8217;s disease. The progression was rapid, causing severe muscle cramps, tremors, and eventually the inability to walk and at times even speak. <\/p>\n<p>In this inspiring memoir, Frank recounts his battle with Parkinson&#8217;s. At first in denial, he eventually found the strength that made him successful as an athlete and in business &#8211; using determination, and humour to weather the worst phases of the disease. He learned to face each hurdle as he came to it: to bend, but not break.<\/p>\n<p><a href=\"https:\/\/suffolk.spydus.co.uk\/cgi-bin\/spydus.exe\/ENQ\/OPAC\/BIBENQ?SETLVL=&#038;BRN=3477182\" target=\"_blank\" rel=\"noopener\">Borrow <em>Bend, Don&#8217;t Break<\/em>\u00a0\u2192<\/a>[\/et_pb_text][\/et_pb_column][\/et_pb_row][et_pb_row column_structure=&#8221;2_5,3_5&#8243; _builder_version=&#8221;4.27.6&#8243; _module_preset=&#8221;default&#8221; global_colors_info=&#8221;{}&#8221;][et_pb_column type=&#8221;2_5&#8243; _builder_version=&#8221;4.27.6&#8243; _module_preset=&#8221;default&#8221; global_colors_info=&#8221;{}&#8221;][et_pb_image src=&#8221;https:\/\/suffolkcommunitylibraries.co.uk\/wp-content\/uploads\/2026\/08\/Think-Before-You-Think.jpg&#8221; alt=&#8221;Think Before You Think&#8221; title_text=&#8221;Think Before You Think&#8221; url=&#8221;https:\/\/suffolk.spydus.co.uk\/cgi-bin\/spydus.exe\/ENQ\/OPAC\/BIBENQ?SETLVL=&#038;BRN=4101378&#8243; url_new_window=&#8221;on&#8221; _builder_version=&#8221;4.27.7&#8243; _module_preset=&#8221;default&#8221; global_colors_info=&#8221;{}&#8221;][\/et_pb_image][\/et_pb_column][et_pb_column type=&#8221;3_5&#8243; _builder_version=&#8221;4.27.6&#8243; _module_preset=&#8221;default&#8221; global_colors_info=&#8221;{}&#8221;][et_pb_text _builder_version=&#8221;4.27.7&#8243; _module_preset=&#8221;default&#8221; text_font_size=&#8221;19px&#8221; text_line_height=&#8221;1.3em&#8221; link_font_size=&#8221;19px&#8221; global_colors_info=&#8221;{}&#8221;]<\/p>\n<h3><strong><em>Think Before You Think: Understanding Your Brain&#8217;s Mission Control<\/em><\/strong><\/h3>\n<p><strong>Dr Adrian Owen<\/strong><\/p>\n<p>Our brains are miraculous things. Through a set of processes called executive functions, they drive everything over the course of our lives, allowing us to create and retrieve memories, understand our own and others&#8217; emotions, plan our short- and long-term goals, and much more. <\/p>\n<p>Drawing on gripping case studies and cutting-edge research, neuroscientist Adrian Owen maps out the architecture of our brains and these executive functions. From encounters with memory champions, athletes who have suffered multiple concussions and patients with conditions such as ADHD, autism, Parkinson&#8217;s and Alzheimer&#8217;s, he reveals the importance of these functions not only to the potential of our brains but to our very ways of being.<\/p>\n<p><a href=\"https:\/\/suffolk.spydus.co.uk\/cgi-bin\/spydus.exe\/ENQ\/OPAC\/BIBENQ?SETLVL=&#038;BRN=4101378\" target=\"_blank\" rel=\"noopener\">Borrow <em>Think Before You Think<\/em>\u00a0\u2192<\/a>[\/et_pb_text][\/et_pb_column][\/et_pb_row][et_pb_row column_structure=&#8221;2_5,3_5&#8243; _builder_version=&#8221;4.27.6&#8243; _module_preset=&#8221;default&#8221; global_colors_info=&#8221;{}&#8221;][et_pb_column type=&#8221;2_5&#8243; _builder_version=&#8221;4.27.6&#8243; _module_preset=&#8221;default&#8221; global_colors_info=&#8221;{}&#8221;][et_pb_image src=&#8221;https:\/\/suffolkcommunitylibraries.co.uk\/wp-content\/uploads\/2026\/08\/Twitch.jpg&#8221; alt=&#8221;Twitch&#8221; title_text=&#8221;Twitch&#8221; url=&#8221;https:\/\/suffolk.spydus.co.uk\/cgi-bin\/spydus.exe\/ENQ\/OPAC\/BIBENQ?SETLVL=&#038;BRN=3867369&#8243; url_new_window=&#8221;on&#8221; _builder_version=&#8221;4.27.7&#8243; _module_preset=&#8221;default&#8221; global_colors_info=&#8221;{}&#8221;][\/et_pb_image][\/et_pb_column][et_pb_column type=&#8221;3_5&#8243; _builder_version=&#8221;4.27.6&#8243; _module_preset=&#8221;default&#8221; global_colors_info=&#8221;{}&#8221;][et_pb_text _builder_version=&#8221;4.27.7&#8243; _module_preset=&#8221;default&#8221; text_font_size=&#8221;19px&#8221; text_line_height=&#8221;1.3em&#8221; link_font_size=&#8221;19px&#8221; global_colors_info=&#8221;{}&#8221;]<\/p>\n<h3><strong><em>Twitch: My Life with Parkinson&#8217;s Disease<\/em><\/strong><\/h3>\n<p><strong>Annmarie O&#8217;Connor<\/strong><\/p>\n<p>Remarkably honest, brutally heroic and darkly humorous memoir following a devastating diagnosis of early onset Parkinson&#8217;s disease. &#8216;Twitch&#8217; is a frank and funny memoir about picking up the pieces when personal tragedy hits. <\/p>\n<p>In 2021, Irish Examiner columnist, stylist, author and podcaster Annmarie O&#8217;Connor was diagnosed with early-onset Parkinson&#8217;s disease, an incurable neurodegenerative condition broadly affecting movement and mental health. <\/p>\n<p>Though she is no longer working as a stylist as part of her career due to Parkinson&#8217;s complications, &#8216;Twitch&#8217; outlines her journey from a life-altering diagnosis to becoming an activist and agent of change.<\/p>\n<p><a href=\"https:\/\/suffolk.spydus.co.uk\/cgi-bin\/spydus.exe\/ENQ\/OPAC\/BIBENQ?SETLVL=&#038;BRN=3867369\" target=\"_blank\" rel=\"noopener\">Borrow <em>Twitch<\/em>\u00a0\u2192<\/a>[\/et_pb_text][\/et_pb_column][\/et_pb_row][et_pb_row column_structure=&#8221;2_5,3_5&#8243; _builder_version=&#8221;4.27.6&#8243; _module_preset=&#8221;default&#8221; global_colors_info=&#8221;{}&#8221;][et_pb_column type=&#8221;2_5&#8243; _builder_version=&#8221;4.27.6&#8243; _module_preset=&#8221;default&#8221; global_colors_info=&#8221;{}&#8221;][et_pb_image src=&#8221;https:\/\/suffolkcommunitylibraries.co.uk\/wp-content\/uploads\/2026\/08\/Just-One-More-Question.jpg&#8221; alt=&#8221;Just One More Question&#8221; title_text=&#8221;Just One More Question&#8221; url=&#8221;https:\/\/suffolk.spydus.co.uk\/cgi-bin\/spydus.exe\/ENQ\/OPAC\/BIBENQ?SETLVL=&#038;BRN=2684123&#8243; url_new_window=&#8221;on&#8221; _builder_version=&#8221;4.27.7&#8243; _module_preset=&#8221;default&#8221; global_colors_info=&#8221;{}&#8221;][\/et_pb_image][\/et_pb_column][et_pb_column type=&#8221;3_5&#8243; _builder_version=&#8221;4.27.6&#8243; _module_preset=&#8221;default&#8221; global_colors_info=&#8221;{}&#8221;][et_pb_text _builder_version=&#8221;4.27.7&#8243; _module_preset=&#8221;default&#8221; text_font_size=&#8221;19px&#8221; text_line_height=&#8221;1.3em&#8221; link_font_size=&#8221;19px&#8221; global_colors_info=&#8221;{}&#8221;]<\/p>\n<h3><strong><em>Just One More Question: Stories From a Life in Neurology<\/em><\/strong><\/h3>\n<p><strong>Niall Tubridy<\/strong><\/p>\n<p>As a trainee doctor, fascinated by the ways the brain and nervous system signal problems with the body&#8217;s wiring, Niall Tubridy fell in love with neurology. This was high stakes detective work where answers could be life-changing. <\/p>\n<p>The young doctor who relished the intellectual puzzle soon became even more intrigued by the human stories behind each set of symptoms. And he found his own character tested. How do you handle such high pressure work &#8211; often with sad outcomes for patients &#8211; and remain grounded and positive? Can you? <\/p>\n<p>&#8216;Just One More Question&#8217; is the story of Niall Tubridy&#8217;s life in neurology. It includes gripping accounts of his patients &#8211; encounters that are, by turn, moving, dramatic and funny &#8211; and using simple and illuminating language he explains well-known conditions such as multiple sclerosis, Parkinson&#8217;s disease and motor neurone disease.<\/p>\n<p><a href=\"https:\/\/suffolk.spydus.co.uk\/cgi-bin\/spydus.exe\/ENQ\/OPAC\/BIBENQ?SETLVL=&#038;BRN=2684123\" target=\"_blank\" rel=\"noopener\">Borrow <em>Just One More Question<\/em>\u00a0\u2192<\/a>[\/et_pb_text][\/et_pb_column][\/et_pb_row][et_pb_row column_structure=&#8221;2_5,3_5&#8243; _builder_version=&#8221;4.27.6&#8243; _module_preset=&#8221;default&#8221; global_colors_info=&#8221;{}&#8221;][et_pb_column type=&#8221;2_5&#8243; _builder_version=&#8221;4.27.6&#8243; _module_preset=&#8221;default&#8221; global_colors_info=&#8221;{}&#8221;][et_pb_image src=&#8221;https:\/\/suffolkcommunitylibraries.co.uk\/wp-content\/uploads\/2026\/08\/The-Tremolo-Diaries.jpg&#8221; alt=&#8221;The Tremolo Diaries&#8221; title_text=&#8221;The Tremolo Diaries&#8221; url=&#8221;https:\/\/suffolk.spydus.co.uk\/cgi-bin\/spydus.exe\/ENQ\/OPAC\/BIBENQ?SETLVL=&#038;BRN=4090220&#8243; url_new_window=&#8221;on&#8221; _builder_version=&#8221;4.27.7&#8243; _module_preset=&#8221;default&#8221; global_colors_info=&#8221;{}&#8221;][\/et_pb_image][\/et_pb_column][et_pb_column type=&#8221;3_5&#8243; _builder_version=&#8221;4.27.6&#8243; _module_preset=&#8221;default&#8221; global_colors_info=&#8221;{}&#8221;][et_pb_text _builder_version=&#8221;4.27.7&#8243; _module_preset=&#8221;default&#8221; text_font_size=&#8221;19px&#8221; text_line_height=&#8221;1.3em&#8221; link_font_size=&#8221;19px&#8221; global_colors_info=&#8221;{}&#8221;]<\/p>\n<h3><strong><em>The Tremolo Diaries<\/em><\/strong><\/h3>\n<p><strong>Justin Currie<\/strong><\/p>\n<p>While touring America in 2022, frontman and bassist of legendary Scottish rock band Del Amitri Justin Currie noticed that something wasn&#8217;t right after developing a tremor in his right arm. Following a visit to a neurologist in Glasgow, he was told that he had early onset Parkinson&#8217;s disease. <\/p>\n<p>But rather than surrendering to his diagnosis, Justin decided to get back on the road and continue touring. This volume chronicles what it&#8217;s like for a jobbing musician to be told they have Parkinson&#8217;s. It is divided into two parts, with the first half offering strikingly honest glimpses into Justin&#8217;s life following his diagnosis through diary entries he kept on tour in the US, while the latter half traces Del Amitri&#8217;s 2024 European tour with the band recording their eighth album. <\/p>\n<p>This is a compellingly stark reflection on receiving a life-changing diagnosis.<\/p>\n<p><a href=\"https:\/\/suffolk.spydus.co.uk\/cgi-bin\/spydus.exe\/ENQ\/OPAC\/BIBENQ?SETLVL=&amp;BRN=4090220\" target=\"_blank\" rel=\"noopener\">Borrow <em>The Tremolo Diaries<\/em>\u00a0\u2192<\/a>[\/et_pb_text][\/et_pb_column][\/et_pb_row][et_pb_row column_structure=&#8221;2_5,3_5&#8243; _builder_version=&#8221;4.27.6&#8243; _module_preset=&#8221;default&#8221; global_colors_info=&#8221;{}&#8221;][et_pb_column type=&#8221;2_5&#8243; _builder_version=&#8221;4.27.6&#8243; _module_preset=&#8221;default&#8221; global_colors_info=&#8221;{}&#8221;][et_pb_image src=&#8221;https:\/\/suffolkcommunitylibraries.co.uk\/wp-content\/uploads\/2026\/08\/Sophie-From-Romania.jpg&#8221; alt=&#8221;Sophie From Romania&#8221; title_text=&#8221;Sophie From Romania&#8221; url=&#8221;https:\/\/suffolk.spydus.co.uk\/cgi-bin\/spydus.exe\/ENQ\/OPAC\/BIBENQ?SETLVL=&#038;BRN=3886566&#8243; url_new_window=&#8221;on&#8221; _builder_version=&#8221;4.27.7&#8243; _module_preset=&#8221;default&#8221; global_colors_info=&#8221;{}&#8221;][\/et_pb_image][\/et_pb_column][et_pb_column type=&#8221;3_5&#8243; _builder_version=&#8221;4.27.6&#8243; _module_preset=&#8221;default&#8221; global_colors_info=&#8221;{}&#8221;][et_pb_text _builder_version=&#8221;4.27.7&#8243; _module_preset=&#8221;default&#8221; text_font_size=&#8221;19px&#8221; text_line_height=&#8221;1.3em&#8221; link_font_size=&#8221;19px&#8221; global_colors_info=&#8221;{}&#8221;]<\/p>\n<h3><strong><em>Sophie From Romania: What a Rescue Dog Taught Me About Patience, Love and Hope<\/em><\/strong><\/h3>\n<p><strong>Rory Cellan-Jones<\/strong><\/p>\n<p>In January 2022, the Cellan-Jones-Coyle family said goodbye to their beloved elderly Collie Cross, Cabbage. Newly retired, Rory had become inseparable from her during daily pandemic walks which alleviated his Parkinson&#8217;s Disease symptoms. <\/p>\n<p>After a grief-stricken year, Rory and his wife Diane contemplated opening up their hearts again and came across a dog listing for &#8216;a kind girl who loves everybody and is just looking for her forever home&#8217;. Bright-eyed, big-eared and trembling, Sophie arrives in London in a van from Central Europe on 17th December. <\/p>\n<p>&#8216;Sophie from Romania&#8217; follows the journey of her adoption &#8211; from her battles with anxiety, to the joys of play and her first foray outside &#8211; as Rory and Diane work with expert dog trainer Si to win Sophie&#8217;s trust, and navigate Rory&#8217;s Parkinson&#8217;s diagnosis.<\/p>\n<p><a href=\"https:\/\/suffolk.spydus.co.uk\/cgi-bin\/spydus.exe\/ENQ\/OPAC\/BIBENQ?SETLVL=&#038;BRN=3886566\" target=\"_blank\" rel=\"noopener\">Borrow <em>Sophie From Romania<\/em>\u00a0\u2192<\/a>[\/et_pb_text][\/et_pb_column][\/et_pb_row][et_pb_row column_structure=&#8221;2_5,3_5&#8243; _builder_version=&#8221;4.27.6&#8243; _module_preset=&#8221;default&#8221; global_colors_info=&#8221;{}&#8221;][et_pb_column type=&#8221;2_5&#8243; _builder_version=&#8221;4.27.6&#8243; _module_preset=&#8221;default&#8221; global_colors_info=&#8221;{}&#8221;][et_pb_image src=&#8221;https:\/\/suffolkcommunitylibraries.co.uk\/wp-content\/uploads\/2026\/08\/My-Degeneration.jpg&#8221; alt=&#8221;My Degeneration&#8221; title_text=&#8221;My Degeneration&#8221; url=&#8221;https:\/\/suffolk.spydus.co.uk\/cgi-bin\/spydus.exe\/ENQ\/OPAC\/BIBENQ?SETLVL=&#038;BRN=3831056&#8243; url_new_window=&#8221;on&#8221; _builder_version=&#8221;4.27.7&#8243; _module_preset=&#8221;default&#8221; global_colors_info=&#8221;{}&#8221;][\/et_pb_image][\/et_pb_column][et_pb_column type=&#8221;3_5&#8243; _builder_version=&#8221;4.27.6&#8243; _module_preset=&#8221;default&#8221; global_colors_info=&#8221;{}&#8221;][et_pb_text _builder_version=&#8221;4.27.7&#8243; _module_preset=&#8221;default&#8221; text_font_size=&#8221;19px&#8221; text_line_height=&#8221;1.3em&#8221; link_font_size=&#8221;19px&#8221; global_colors_info=&#8221;{}&#8221;]<\/p>\n<h3><strong><em>My Degeneration: A Journey Through Parkinson&#8217;s<\/em><\/strong><\/h3>\n<p><strong>Peter Dunlap-Shohl<\/strong><\/p>\n<p>At the age of forty-three, former Anchorage Daily News staff cartoonist Peter Dunlap-Shohl was diagnosed with Parkinson&#8217;s disease, a disorder that, among other things, can rob a person of their ability to speak or write and degrades their ability to deal with complexity. <\/p>\n<p>In &#8216;My Degeneration&#8217;, Dunlap-Shohl recounts his attempt to come to grips with the &#8216;malicious whimsy&#8217; of this chronic, progressive, and disabling disorder with his characteristic humor and passion. This graphic novel tracks the author&#8217;s journey through depression, juggling medications and weathering their side effects, the impact of the diagnosis on his personal relationships, and the raft of mental and physical changes wrought by the disease.<\/p>\n<p><a href=\"https:\/\/suffolk.spydus.co.uk\/cgi-bin\/spydus.exe\/ENQ\/OPAC\/BIBENQ?SETLVL=&#038;BRN=3831056\" target=\"_blank\" rel=\"noopener\">Borrow <em>My Degeneration<\/em>\u00a0\u2192<\/a>[\/et_pb_text][\/et_pb_column][\/et_pb_row][et_pb_row column_structure=&#8221;2_5,3_5&#8243; _builder_version=&#8221;4.27.6&#8243; _module_preset=&#8221;default&#8221; global_colors_info=&#8221;{}&#8221;][et_pb_column type=&#8221;2_5&#8243; _builder_version=&#8221;4.27.6&#8243; _module_preset=&#8221;default&#8221; global_colors_info=&#8221;{}&#8221;][et_pb_image src=&#8221;https:\/\/suffolkcommunitylibraries.co.uk\/wp-content\/uploads\/2026\/08\/An-Emerald-Guide-to-Explaning-Parkinsons.jpg&#8221; alt=&#8221;An Emerald Guide to Explaning Parkinson&#8217;s&#8221; title_text=&#8221;An Emerald Guide to Explaning Parkinson&#8217;s&#8221; url=&#8221;https:\/\/suffolk.spydus.co.uk\/cgi-bin\/spydus.exe\/ENQ\/OPAC\/BIBENQ?SETLVL=&#038;BRN=3759064&#8243; url_new_window=&#8221;on&#8221; _builder_version=&#8221;4.27.7&#8243; _module_preset=&#8221;default&#8221; global_colors_info=&#8221;{}&#8221;][\/et_pb_image][\/et_pb_column][et_pb_column type=&#8221;3_5&#8243; _builder_version=&#8221;4.27.6&#8243; _module_preset=&#8221;default&#8221; global_colors_info=&#8221;{}&#8221;][et_pb_text _builder_version=&#8221;4.27.7&#8243; _module_preset=&#8221;default&#8221; text_font_size=&#8221;19px&#8221; text_line_height=&#8221;1.3em&#8221; link_font_size=&#8221;19px&#8221; global_colors_info=&#8221;{}&#8221;]<\/p>\n<h3><strong><em>An Emerald Guide to Explaining Parkinson&#8217;s<\/em><\/strong><\/h3>\n<p><strong>Doreen Jarrett<\/strong><\/p>\n<p>This is a comprehensive guide to all aspects of Parkinson&#8217;s and issues affecting Parkinson&#8217;s sufferers. <\/p>\n<p>It gives advice on techniques for coping with the diagnosis, finding the right doctors, diets and, overall, dealing with the condition and the attendant stress.<\/p>\n<p><a href=\"https:\/\/suffolk.spydus.co.uk\/cgi-bin\/spydus.exe\/ENQ\/OPAC\/BIBENQ?SETLVL=&#038;BRN=3759064\" target=\"_blank\" rel=\"noopener\">Borrow <em>An Emerald Guide to Explaining Parkinson&#8217;s<\/em>\u00a0\u2192<\/a>[\/et_pb_text][\/et_pb_column][\/et_pb_row][et_pb_row _builder_version=&#8221;4.27.6&#8243; _module_preset=&#8221;default&#8221; global_colors_info=&#8221;{}&#8221;][et_pb_column type=&#8221;4_4&#8243; _builder_version=&#8221;4.27.6&#8243; _module_preset=&#8221;default&#8221; global_colors_info=&#8221;{}&#8221;][et_pb_divider _builder_version=&#8221;4.27.6&#8243; _module_preset=&#8221;default&#8221; global_colors_info=&#8221;{}&#8221;][\/et_pb_divider][\/et_pb_column][\/et_pb_row][\/et_pb_section]<\/p>\n","protected":false},"excerpt":{"rendered":"<p>Take a look at these recommended books on Parkinson&#8217;s, available to borrow for free with your library card.<\/p>","protected":false},"author":13,"featured_media":61853,"comment_status":"closed","ping_status":"open","sticky":false,"template":"","format":"standard","meta":{"_acf_changed":false,"_et_pb_use_builder":"on","_et_pb_old_content":"","_et_gb_content_width":"","footnotes":""},"categories":[140,159],"tags":[],"class_list":["post-61852","post","type-post","status-publish","format-standard","has-post-thumbnail","hentry","category-adult-books","category-wellbeing-books"],"acf":[],"yoast_head":"<!-- This site is optimized with the Yoast SEO plugin v28.3 - https:\/\/yoast.com\/product\/yoast-seo-wordpress\/ -->\n<title>Books on Parkinson&#039;s - Suffolk Community Libraries<\/title>\n<meta name=\"description\" content=\"Take a look at these recommended books on Parkinson&#039;s, available to borrow for free with your library card.\" \/>\n<meta name=\"robots\" content=\"index, follow, max-snippet:-1, max-image-preview:large, max-video-preview:-1\" \/>\n<link rel=\"canonical\" href=\"https:\/\/suffolkcommunitylibraries.co.uk\/lt\/parkinsons-book-collection\/\" \/>\n<meta property=\"og:locale\" content=\"lt_LT\" \/>\n<meta property=\"og:type\" content=\"article\" \/>\n<meta property=\"og:title\" content=\"Books on Parkinson&#039;s - Suffolk Community Libraries\" \/>\n<meta property=\"og:description\" content=\"Take a look at these recommended books on Parkinson&#039;s, available to borrow for free with your library card.\" \/>\n<meta property=\"og:url\" content=\"https:\/\/suffolkcommunitylibraries.co.uk\/lt\/wp-json\/wp\/v2\/posts\/61852\" \/>\n<meta property=\"og:site_name\" content=\"Suffolk Community Libraries\" \/>\n<meta property=\"article:publisher\" content=\"https:\/\/www.facebook.com\/SuffolkCommunityLibraries\" \/>\n<meta property=\"article:published_time\" content=\"2026-08-17T09:41:43+00:00\" \/>\n<meta property=\"article:modified_time\" content=\"2026-08-17T09:41:46+00:00\" \/>\n<meta property=\"og:image\" content=\"https:\/\/suffolkcommunitylibraries.co.uk\/wp-content\/uploads\/2026\/08\/Parkinsons-Partnership-2026-resize.jpg\" \/>\n\t<meta property=\"og:image:width\" content=\"1000\" \/>\n\t<meta property=\"og:image:height\" content=\"667\" \/>\n\t<meta property=\"og:image:type\" content=\"image\/jpeg\" \/>\n<meta name=\"author\" content=\"Lucy Neill\" \/>\n<meta name=\"twitter:card\" content=\"summary_large_image\" \/>\n<meta name=\"twitter:creator\" content=\"@SCLibraries\" \/>\n<meta name=\"twitter:site\" content=\"@SCLibraries\" \/>\n<meta name=\"twitter:label1\" content=\"Written by\" \/>\n\t<meta name=\"twitter:data1\" content=\"Lucy Neill\" \/>\n\t<meta name=\"twitter:label2\" content=\"Est. reading time\" \/>\n\t<meta name=\"twitter:data2\" content=\"10 minu\u010di\u0173\" \/>\n<script type=\"application\/ld+json\" class=\"yoast-schema-graph\">{\"@context\":\"https:\\\/\\\/schema.org\",\"@graph\":[{\"@type\":\"Article\",\"@id\":\"https:\\\/\\\/suffolkcommunitylibraries.co.uk\\\/parkinsons-book-collection\\\/#article\",\"isPartOf\":{\"@id\":\"https:\\\/\\\/suffolkcommunitylibraries.co.uk\\\/parkinsons-book-collection\\\/\"},\"author\":{\"name\":\"Lucy Neill\",\"@id\":\"https:\\\/\\\/suffolkcommunitylibraries.co.uk\\\/#\\\/schema\\\/person\\\/92eb00930ceb1a068d18147ee00742b6\"},\"headline\":\"Books on Parkinson&#8217;s\",\"datePublished\":\"2026-08-17T09:41:43+00:00\",\"dateModified\":\"2026-08-17T09:41:46+00:00\",\"mainEntityOfPage\":{\"@id\":\"https:\\\/\\\/suffolkcommunitylibraries.co.uk\\\/parkinsons-book-collection\\\/\"},\"wordCount\":3067,\"publisher\":{\"@id\":\"https:\\\/\\\/suffolkcommunitylibraries.co.uk\\\/#organization\"},\"image\":{\"@id\":\"https:\\\/\\\/suffolkcommunitylibraries.co.uk\\\/parkinsons-book-collection\\\/#primaryimage\"},\"thumbnailUrl\":\"https:\\\/\\\/suffolkcommunitylibraries.co.uk\\\/wp-content\\\/uploads\\\/2026\\\/08\\\/Parkinsons-Partnership-2026-resize.jpg\",\"articleSection\":[\"Recommendations for Adults\",\"Wellbeing Books\"],\"inLanguage\":\"lt-LT\"},{\"@type\":\"WebPage\",\"@id\":\"https:\\\/\\\/suffolkcommunitylibraries.co.uk\\\/parkinsons-book-collection\\\/\",\"url\":\"https:\\\/\\\/suffolkcommunitylibraries.co.uk\\\/parkinsons-book-collection\\\/\",\"name\":\"Books on Parkinson's - Suffolk Community Libraries\",\"isPartOf\":{\"@id\":\"https:\\\/\\\/suffolkcommunitylibraries.co.uk\\\/#website\"},\"primaryImageOfPage\":{\"@id\":\"https:\\\/\\\/suffolkcommunitylibraries.co.uk\\\/parkinsons-book-collection\\\/#primaryimage\"},\"image\":{\"@id\":\"https:\\\/\\\/suffolkcommunitylibraries.co.uk\\\/parkinsons-book-collection\\\/#primaryimage\"},\"thumbnailUrl\":\"https:\\\/\\\/suffolkcommunitylibraries.co.uk\\\/wp-content\\\/uploads\\\/2026\\\/08\\\/Parkinsons-Partnership-2026-resize.jpg\",\"datePublished\":\"2026-08-17T09:41:43+00:00\",\"dateModified\":\"2026-08-17T09:41:46+00:00\",\"description\":\"Take a look at these recommended books on Parkinson's, available to borrow for free with your library card.\",\"breadcrumb\":{\"@id\":\"https:\\\/\\\/suffolkcommunitylibraries.co.uk\\\/parkinsons-book-collection\\\/#breadcrumb\"},\"inLanguage\":\"lt-LT\",\"potentialAction\":[{\"@type\":\"ReadAction\",\"target\":[\"https:\\\/\\\/suffolkcommunitylibraries.co.uk\\\/parkinsons-book-collection\\\/\"]}]},{\"@type\":\"ImageObject\",\"inLanguage\":\"lt-LT\",\"@id\":\"https:\\\/\\\/suffolkcommunitylibraries.co.uk\\\/parkinsons-book-collection\\\/#primaryimage\",\"url\":\"https:\\\/\\\/suffolkcommunitylibraries.co.uk\\\/wp-content\\\/uploads\\\/2026\\\/08\\\/Parkinsons-Partnership-2026-resize.jpg\",\"contentUrl\":\"https:\\\/\\\/suffolkcommunitylibraries.co.uk\\\/wp-content\\\/uploads\\\/2026\\\/08\\\/Parkinsons-Partnership-2026-resize.jpg\",\"width\":1000,\"height\":667,\"caption\":\"Collage of book covers\"},{\"@type\":\"BreadcrumbList\",\"@id\":\"https:\\\/\\\/suffolkcommunitylibraries.co.uk\\\/parkinsons-book-collection\\\/#breadcrumb\",\"itemListElement\":[{\"@type\":\"ListItem\",\"position\":1,\"name\":\"Home\",\"item\":\"https:\\\/\\\/suffolkcommunitylibraries.co.uk\\\/\"},{\"@type\":\"ListItem\",\"position\":2,\"name\":\"Books on Parkinson&#8217;s\"}]},{\"@type\":\"WebSite\",\"@id\":\"https:\\\/\\\/suffolkcommunitylibraries.co.uk\\\/#website\",\"url\":\"https:\\\/\\\/suffolkcommunitylibraries.co.uk\\\/\",\"name\":\"Suffolk Community Libraries\",\"description\":\"Free lending, activities, ebooks, audiobooks and plenty more\",\"publisher\":{\"@id\":\"https:\\\/\\\/suffolkcommunitylibraries.co.uk\\\/#organization\"},\"potentialAction\":[{\"@type\":\"SearchAction\",\"target\":{\"@type\":\"EntryPoint\",\"urlTemplate\":\"https:\\\/\\\/suffolkcommunitylibraries.co.uk\\\/?s={search_term_string}\"},\"query-input\":{\"@type\":\"PropertyValueSpecification\",\"valueRequired\":true,\"valueName\":\"search_term_string\"}}],\"inLanguage\":\"lt-LT\"},{\"@type\":\"Organization\",\"@id\":\"https:\\\/\\\/suffolkcommunitylibraries.co.uk\\\/#organization\",\"name\":\"Suffolk Community Libraries\",\"url\":\"https:\\\/\\\/suffolkcommunitylibraries.co.uk\\\/\",\"logo\":{\"@type\":\"ImageObject\",\"inLanguage\":\"lt-LT\",\"@id\":\"https:\\\/\\\/suffolkcommunitylibraries.co.uk\\\/#\\\/schema\\\/logo\\\/image\\\/\",\"url\":\"https:\\\/\\\/suffolkcommunitylibraries.co.uk\\\/wp-content\\\/uploads\\\/2025\\\/05\\\/SuffolkCL_logo-large-web.png\",\"contentUrl\":\"https:\\\/\\\/suffolkcommunitylibraries.co.uk\\\/wp-content\\\/uploads\\\/2025\\\/05\\\/SuffolkCL_logo-large-web.png\",\"width\":1000,\"height\":405,\"caption\":\"Suffolk Community Libraries\"},\"image\":{\"@id\":\"https:\\\/\\\/suffolkcommunitylibraries.co.uk\\\/#\\\/schema\\\/logo\\\/image\\\/\"},\"sameAs\":[\"https:\\\/\\\/www.facebook.com\\\/SuffolkCommunityLibraries\",\"https:\\\/\\\/x.com\\\/SCLibraries\",\"https:\\\/\\\/www.instagram.com\\\/suffolk_community_libraries\\\/\",\"https:\\\/\\\/www.linkedin.com\\\/company\\\/suffolk-community-libraries\"]},{\"@type\":\"Person\",\"@id\":\"https:\\\/\\\/suffolkcommunitylibraries.co.uk\\\/#\\\/schema\\\/person\\\/92eb00930ceb1a068d18147ee00742b6\",\"name\":\"Lucy Neill\",\"image\":{\"@type\":\"ImageObject\",\"inLanguage\":\"lt-LT\",\"@id\":\"https:\\\/\\\/secure.gravatar.com\\\/avatar\\\/80bb16f06832960272631bc5ee55063a6cdf9fc173aa358db5a74b453b7a2c8e?s=96&d=mm&r=g\",\"url\":\"https:\\\/\\\/secure.gravatar.com\\\/avatar\\\/80bb16f06832960272631bc5ee55063a6cdf9fc173aa358db5a74b453b7a2c8e?s=96&d=mm&r=g\",\"contentUrl\":\"https:\\\/\\\/secure.gravatar.com\\\/avatar\\\/80bb16f06832960272631bc5ee55063a6cdf9fc173aa358db5a74b453b7a2c8e?s=96&d=mm&r=g\",\"caption\":\"Lucy Neill\"},\"url\":\"https:\\\/\\\/suffolkcommunitylibraries.co.uk\\\/lt\\\/author\\\/scl-lucy\\\/\"}]}<\/script>\n<!-- \/ Yoast SEO plugin. -->","yoast_head_json":{"title":"Books on Parkinson's - Suffolk Community Libraries","description":"Take a look at these recommended books on Parkinson's, available to borrow for free with your library card.","robots":{"index":"index","follow":"follow","max-snippet":"max-snippet:-1","max-image-preview":"max-image-preview:large","max-video-preview":"max-video-preview:-1"},"canonical":"https:\/\/suffolkcommunitylibraries.co.uk\/lt\/parkinsons-book-collection\/","og_locale":"lt_LT","og_type":"article","og_title":"Books on Parkinson's - Suffolk Community Libraries","og_description":"Take a look at these recommended books on Parkinson's, available to borrow for free with your library card.","og_url":"https:\/\/suffolkcommunitylibraries.co.uk\/lt\/wp-json\/wp\/v2\/posts\/61852","og_site_name":"Suffolk Community Libraries","article_publisher":"https:\/\/www.facebook.com\/SuffolkCommunityLibraries","article_published_time":"2026-08-17T09:41:43+00:00","article_modified_time":"2026-08-17T09:41:46+00:00","og_image":[{"width":1000,"height":667,"url":"https:\/\/suffolkcommunitylibraries.co.uk\/wp-content\/uploads\/2026\/08\/Parkinsons-Partnership-2026-resize.jpg","type":"image\/jpeg"}],"author":"Lucy Neill","twitter_card":"summary_large_image","twitter_creator":"@SCLibraries","twitter_site":"@SCLibraries","twitter_misc":{"Written by":"Lucy Neill","Est. reading time":"10 minu\u010di\u0173"},"schema":{"@context":"https:\/\/schema.org","@graph":[{"@type":"Article","@id":"https:\/\/suffolkcommunitylibraries.co.uk\/parkinsons-book-collection\/#article","isPartOf":{"@id":"https:\/\/suffolkcommunitylibraries.co.uk\/parkinsons-book-collection\/"},"author":{"name":"Lucy Neill","@id":"https:\/\/suffolkcommunitylibraries.co.uk\/#\/schema\/person\/92eb00930ceb1a068d18147ee00742b6"},"headline":"Books on Parkinson&#8217;s","datePublished":"2026-08-17T09:41:43+00:00","dateModified":"2026-08-17T09:41:46+00:00","mainEntityOfPage":{"@id":"https:\/\/suffolkcommunitylibraries.co.uk\/parkinsons-book-collection\/"},"wordCount":3067,"publisher":{"@id":"https:\/\/suffolkcommunitylibraries.co.uk\/#organization"},"image":{"@id":"https:\/\/suffolkcommunitylibraries.co.uk\/parkinsons-book-collection\/#primaryimage"},"thumbnailUrl":"https:\/\/suffolkcommunitylibraries.co.uk\/wp-content\/uploads\/2026\/08\/Parkinsons-Partnership-2026-resize.jpg","articleSection":["Recommendations for Adults","Wellbeing Books"],"inLanguage":"lt-LT"},{"@type":"WebPage","@id":"https:\/\/suffolkcommunitylibraries.co.uk\/parkinsons-book-collection\/","url":"https:\/\/suffolkcommunitylibraries.co.uk\/parkinsons-book-collection\/","name":"Books on Parkinson's - Suffolk Community Libraries","isPartOf":{"@id":"https:\/\/suffolkcommunitylibraries.co.uk\/#website"},"primaryImageOfPage":{"@id":"https:\/\/suffolkcommunitylibraries.co.uk\/parkinsons-book-collection\/#primaryimage"},"image":{"@id":"https:\/\/suffolkcommunitylibraries.co.uk\/parkinsons-book-collection\/#primaryimage"},"thumbnailUrl":"https:\/\/suffolkcommunitylibraries.co.uk\/wp-content\/uploads\/2026\/08\/Parkinsons-Partnership-2026-resize.jpg","datePublished":"2026-08-17T09:41:43+00:00","dateModified":"2026-08-17T09:41:46+00:00","description":"Take a look at these recommended books on Parkinson's, available to borrow for free with your library card.","breadcrumb":{"@id":"https:\/\/suffolkcommunitylibraries.co.uk\/parkinsons-book-collection\/#breadcrumb"},"inLanguage":"lt-LT","potentialAction":[{"@type":"ReadAction","target":["https:\/\/suffolkcommunitylibraries.co.uk\/parkinsons-book-collection\/"]}]},{"@type":"ImageObject","inLanguage":"lt-LT","@id":"https:\/\/suffolkcommunitylibraries.co.uk\/parkinsons-book-collection\/#primaryimage","url":"https:\/\/suffolkcommunitylibraries.co.uk\/wp-content\/uploads\/2026\/08\/Parkinsons-Partnership-2026-resize.jpg","contentUrl":"https:\/\/suffolkcommunitylibraries.co.uk\/wp-content\/uploads\/2026\/08\/Parkinsons-Partnership-2026-resize.jpg","width":1000,"height":667,"caption":"Collage of book covers"},{"@type":"BreadcrumbList","@id":"https:\/\/suffolkcommunitylibraries.co.uk\/parkinsons-book-collection\/#breadcrumb","itemListElement":[{"@type":"ListItem","position":1,"name":"Home","item":"https:\/\/suffolkcommunitylibraries.co.uk\/"},{"@type":"ListItem","position":2,"name":"Books on Parkinson&#8217;s"}]},{"@type":"WebSite","@id":"https:\/\/suffolkcommunitylibraries.co.uk\/#website","url":"https:\/\/suffolkcommunitylibraries.co.uk\/","name":"Safolko bendruomen\u0117s bibliotekos","description":"Nemokamas skolinimasis, u\u017esi\u0117mimai, el. knygos, garso knygos ir daug daugiau","publisher":{"@id":"https:\/\/suffolkcommunitylibraries.co.uk\/#organization"},"potentialAction":[{"@type":"SearchAction","target":{"@type":"EntryPoint","urlTemplate":"https:\/\/suffolkcommunitylibraries.co.uk\/?s={search_term_string}"},"query-input":{"@type":"PropertyValueSpecification","valueRequired":true,"valueName":"search_term_string"}}],"inLanguage":"lt-LT"},{"@type":"Organization","@id":"https:\/\/suffolkcommunitylibraries.co.uk\/#organization","name":"Safolko bendruomen\u0117s bibliotekos","url":"https:\/\/suffolkcommunitylibraries.co.uk\/","logo":{"@type":"ImageObject","inLanguage":"lt-LT","@id":"https:\/\/suffolkcommunitylibraries.co.uk\/#\/schema\/logo\/image\/","url":"https:\/\/suffolkcommunitylibraries.co.uk\/wp-content\/uploads\/2025\/05\/SuffolkCL_logo-large-web.png","contentUrl":"https:\/\/suffolkcommunitylibraries.co.uk\/wp-content\/uploads\/2025\/05\/SuffolkCL_logo-large-web.png","width":1000,"height":405,"caption":"Suffolk Community Libraries"},"image":{"@id":"https:\/\/suffolkcommunitylibraries.co.uk\/#\/schema\/logo\/image\/"},"sameAs":["https:\/\/www.facebook.com\/SuffolkCommunityLibraries","https:\/\/x.com\/SCLibraries","https:\/\/www.instagram.com\/suffolk_community_libraries\/","https:\/\/www.linkedin.com\/company\/suffolk-community-libraries"]},{"@type":"Person","@id":"https:\/\/suffolkcommunitylibraries.co.uk\/#\/schema\/person\/92eb00930ceb1a068d18147ee00742b6","name":"Lucy Neill","image":{"@type":"ImageObject","inLanguage":"lt-LT","@id":"https:\/\/secure.gravatar.com\/avatar\/80bb16f06832960272631bc5ee55063a6cdf9fc173aa358db5a74b453b7a2c8e?s=96&d=mm&r=g","url":"https:\/\/secure.gravatar.com\/avatar\/80bb16f06832960272631bc5ee55063a6cdf9fc173aa358db5a74b453b7a2c8e?s=96&d=mm&r=g","contentUrl":"https:\/\/secure.gravatar.com\/avatar\/80bb16f06832960272631bc5ee55063a6cdf9fc173aa358db5a74b453b7a2c8e?s=96&d=mm&r=g","caption":"Lucy Neill"},"url":"https:\/\/suffolkcommunitylibraries.co.uk\/lt\/author\/scl-lucy\/"}]}},"_links":{"self":[{"href":"https:\/\/suffolkcommunitylibraries.co.uk\/lt\/wp-json\/wp\/v2\/posts\/61852","targetHints":{"allow":["GET"]}}],"collection":[{"href":"https:\/\/suffolkcommunitylibraries.co.uk\/lt\/wp-json\/wp\/v2\/posts"}],"about":[{"href":"https:\/\/suffolkcommunitylibraries.co.uk\/lt\/wp-json\/wp\/v2\/types\/post"}],"author":[{"embeddable":true,"href":"https:\/\/suffolkcommunitylibraries.co.uk\/lt\/wp-json\/wp\/v2\/users\/13"}],"replies":[{"embeddable":true,"href":"https:\/\/suffolkcommunitylibraries.co.uk\/lt\/wp-json\/wp\/v2\/comments?post=61852"}],"version-history":[{"count":2,"href":"https:\/\/suffolkcommunitylibraries.co.uk\/lt\/wp-json\/wp\/v2\/posts\/61852\/revisions"}],"predecessor-version":[{"id":62019,"href":"https:\/\/suffolkcommunitylibraries.co.uk\/lt\/wp-json\/wp\/v2\/posts\/61852\/revisions\/62019"}],"wp:featuredmedia":[{"embeddable":true,"href":"https:\/\/suffolkcommunitylibraries.co.uk\/lt\/wp-json\/wp\/v2\/media\/61853"}],"wp:attachment":[{"href":"https:\/\/suffolkcommunitylibraries.co.uk\/lt\/wp-json\/wp\/v2\/media?parent=61852"}],"wp:term":[{"taxonomy":"category","embeddable":true,"href":"https:\/\/suffolkcommunitylibraries.co.uk\/lt\/wp-json\/wp\/v2\/categories?post=61852"},{"taxonomy":"post_tag","embeddable":true,"href":"https:\/\/suffolkcommunitylibraries.co.uk\/lt\/wp-json\/wp\/v2\/tags?post=61852"}],"curies":[{"name":"wp","href":"https:\/\/api.w.org\/{rel}","templated":true}]}}