{"id":62154,"date":"2026-08-24T08:55:42","date_gmt":"2026-08-24T07:55:42","guid":{"rendered":"https:\/\/suffolkcommunitylibraries.co.uk\/?p=62154"},"modified":"2026-08-24T08:55:42","modified_gmt":"2026-08-24T07:55:42","slug":"parkinsons-book-group-launches-at-stowmarket","status":"publish","type":"post","link":"https:\/\/suffolkcommunitylibraries.co.uk\/lt\/parkinsons-book-group-launches-at-stowmarket\/","title":{"rendered":"New Parkinson\u2019s support group launching at Stowmarket Library"},"content":{"rendered":"<p>[et_pb_section fb_built=&#8221;1&#8243; _builder_version=&#8221;4.27.4&#8243; _module_preset=&#8221;default&#8221; custom_padding=&#8221;||0px||false|false&#8221; da_disable_devices=&#8221;off|off|off&#8221; global_colors_info=&#8221;{}&#8221; da_is_popup=&#8221;off&#8221; da_exit_intent=&#8221;off&#8221; da_has_close=&#8221;on&#8221; da_alt_close=&#8221;off&#8221; da_dark_close=&#8221;off&#8221; da_not_modal=&#8221;on&#8221; da_is_singular=&#8221;off&#8221; da_with_loader=&#8221;off&#8221; da_has_shadow=&#8221;on&#8221;][et_pb_row _builder_version=&#8221;4.27.4&#8243; _module_preset=&#8221;default&#8221; custom_padding=&#8221;||0px||false|false&#8221; global_colors_info=&#8221;{}&#8221;][et_pb_column type=&#8221;4_4&#8243; _builder_version=&#8221;4.27.4&#8243; _module_preset=&#8221;default&#8221; global_colors_info=&#8221;{}&#8221;][et_pb_text _builder_version=&#8221;4.27.8&#8243; _module_preset=&#8221;default&#8221; text_font_size=&#8221;19px&#8221; text_line_height=&#8221;1.3em&#8221; hover_enabled=&#8221;0&#8243; global_colors_info=&#8221;{}&#8221; sticky_enabled=&#8221;0&#8243;]<em><strong>By Lucy Neill | 24 August 2026<\/strong><\/em>[\/et_pb_text][et_pb_text _builder_version=&#8221;4.27.8&#8243; _module_preset=&#8221;default&#8221; text_font_size=&#8221;19px&#8221; text_line_height=&#8221;1.3em&#8221; link_font_size=&#8221;19px&#8221; link_line_height=&#8221;1.3em&#8221; hover_enabled=&#8221;0&#8243; global_colors_info=&#8221;{}&#8221; sticky_enabled=&#8221;0&#8243;]<\/p>\n<p>People living with Parkinson\u2019s, alongside those who support them, are invited to join a <a href=\"https:\/\/suffolkcommunitylibraries.co.uk\/events\/parkinsons-book-group.1630\/\">new monthly support group<\/a> launching at Stowmarket Library this August.<\/p>\n<p>In partnership with Parkinson\u2019s UK, Suffolk Community Libraries is launching a welcoming new book group for people affected by Parkinson\u2019s, including those living with the condition, as well as carers, family members, and loved ones.<\/p>\n<p>The group will take place at Stowmarket Library on the last Wednesday of each month from 1pm to 2pm. The first session is on Wednesday 26 August.<\/p>\n<p>Attendees can expect:<\/p>\n<ul>\n<li>Relaxed discussions about a shared book<\/li>\n<li>A supportive and understanding environment<\/li>\n<li>Refreshments and a warm welcome<\/li>\n<li>Opportunities to suggest future reads.<\/li>\n<\/ul>\n<p>There\u2019s no need to book or to be referred \u2013 everyone is welcome to drop in, and there\u2019s no expectation to take part in discussions unless you feel comfortable to do so.<\/p>\n<p>Lisa Brennan, Cultural Health Officer for Suffolk Community Libraries, said:<\/p>\n<p>[\/et_pb_text][et_pb_text _builder_version=&#8221;4.27.8&#8243; _module_preset=&#8221;default&#8221; text_font_size=&#8221;19px&#8221; text_line_height=&#8221;1.3em&#8221; link_font_size=&#8221;19px&#8221; link_line_height=&#8221;1.3em&#8221; hover_enabled=&#8221;0&#8243; global_colors_info=&#8221;{}&#8221; sticky_enabled=&#8221;0&#8243;]<\/p>\n<blockquote><p><em>&#8220;We&#8217;re delighted to be launching this new group at Stowmarket Library. We know that living with Parkinson&#8217;s, or supporting someone who does, can sometimes feel isolating. This group offers an opportunity to connect with others, share experiences, discover new books and enjoy meaningful conversations in a relaxed and welcoming environment.<\/em><br \/>\n&nbsp;<br \/>\n<em>\u201cWhether you&#8217;d like to chat, listen, or simply enjoy being among people who understand, you&#8217;ll be assured of a warm welcome.&#8221;<\/em><\/p><\/blockquote>\n<p>[\/et_pb_text][et_pb_text _builder_version=&#8221;4.27.8&#8243; _module_preset=&#8221;default&#8221; text_font_size=&#8221;19px&#8221; text_line_height=&#8221;1.3em&#8221; link_font_size=&#8221;19px&#8221; link_line_height=&#8221;1.3em&#8221; hover_enabled=&#8221;0&#8243; global_colors_info=&#8221;{}&#8221; sticky_enabled=&#8221;0&#8243;]<\/p>\n<p>We also have a list of recommended books on Parkinson\u2019s which will be on display at Stowmarket Library. These books are available to reserve to collect from any library in Suffolk for free. You can <a href=\"https:\/\/suffolkcommunitylibraries.co.uk\/parkinsons-book-collection\/\">browse the full collection<\/a> on our website.<\/p>\n<p>Suffolk Community Libraries is <a href=\"https:\/\/suffolkcommunitylibraries.co.uk\/volunteer\/volunteering-roles\/\">seeking volunteers<\/a> to help facilitate the book group at Stowmarket Library. This role involves greeting and welcoming participants, encouraging discussions, and helping to maintain a safe, respectful and open environment for all attendees.<\/p>\n<p>Anyone interested in this volunteer role can <a href=\"https:\/\/www.volgistics.com\/appform\/147946123\" target=\"_blank\" rel=\"noopener\">apply online<\/a>.<\/p>\n<p>For more information, contact our Libraries Health &amp; Wellbeing team by emailing <a href=\"mailto:wellbeing@suffolk.gov.uk\">wellbeing@suffolk.gov.uk<\/a>.<\/p>\n<p>[\/et_pb_text][et_pb_divider _builder_version=&#8221;4.27.4&#8243; _module_preset=&#8221;default&#8221; global_colors_info=&#8221;{}&#8221;][\/et_pb_divider][\/et_pb_column][\/et_pb_row][\/et_pb_section]<\/p>\n","protected":false},"excerpt":{"rendered":"<p>People living with Parkinson\u2019s, alongside those who support them, are invited to join a new monthly support group launching at Stowmarket Library this August. <\/p>","protected":false},"author":13,"featured_media":37636,"comment_status":"closed","ping_status":"open","sticky":false,"template":"","format":"standard","meta":{"_acf_changed":false,"_et_pb_use_builder":"on","_et_pb_old_content":"","_et_gb_content_width":"","footnotes":""},"categories":[138],"tags":[],"class_list":["post-62154","post","type-post","status-publish","format-standard","has-post-thumbnail","hentry","category-news"],"acf":[],"yoast_head":"<!-- This site is optimized with the Yoast SEO plugin v28.4 - https:\/\/yoast.com\/product\/yoast-seo-wordpress\/ -->\n<title>New Parkinson\u2019s support group launching at Stowmarket Library - Suffolk Community Libraries<\/title>\n<meta name=\"description\" content=\"People living with Parkinson\u2019s, alongside those who support them, are invited to join a new monthly support group launching at Stowmarket Library this August.\" \/>\n<meta name=\"robots\" content=\"index, follow, max-snippet:-1, max-image-preview:large, max-video-preview:-1\" \/>\n<link rel=\"canonical\" href=\"https:\/\/suffolkcommunitylibraries.co.uk\/lt\/parkinsons-book-group-launches-at-stowmarket\/\" \/>\n<meta property=\"og:locale\" content=\"lt_LT\" \/>\n<meta property=\"og:type\" content=\"article\" \/>\n<meta property=\"og:title\" content=\"New Parkinson\u2019s support group launching at Stowmarket Library - Suffolk Community Libraries\" \/>\n<meta property=\"og:description\" content=\"People living with Parkinson\u2019s, alongside those who support them, are invited to join a new monthly support group launching at Stowmarket Library this August.\" \/>\n<meta property=\"og:url\" content=\"https:\/\/suffolkcommunitylibraries.co.uk\/lt\/wp-json\/wp\/v2\/posts\/62154\" \/>\n<meta property=\"og:site_name\" content=\"Suffolk Community Libraries\" \/>\n<meta property=\"article:publisher\" content=\"https:\/\/www.facebook.com\/SuffolkCommunityLibraries\" \/>\n<meta property=\"article:published_time\" content=\"2026-08-24T07:55:42+00:00\" \/>\n<meta property=\"og:image\" content=\"https:\/\/suffolkcommunitylibraries.co.uk\/wp-content\/uploads\/2025\/07\/Reading-book-in-library-stock-resize.jpg\" \/>\n\t<meta property=\"og:image:width\" content=\"1000\" \/>\n\t<meta property=\"og:image:height\" content=\"667\" \/>\n\t<meta property=\"og:image:type\" content=\"image\/jpeg\" \/>\n<meta name=\"author\" content=\"Lucy Neill\" \/>\n<meta name=\"twitter:card\" content=\"summary_large_image\" \/>\n<meta name=\"twitter:creator\" content=\"@SCLibraries\" \/>\n<meta name=\"twitter:site\" content=\"@SCLibraries\" \/>\n<meta name=\"twitter:label1\" content=\"Written by\" \/>\n\t<meta name=\"twitter:data1\" content=\"Lucy Neill\" \/>\n\t<meta name=\"twitter:label2\" content=\"Est. reading time\" \/>\n\t<meta name=\"twitter:data2\" content=\"1 minut\u0117\" \/>\n<script type=\"application\/ld+json\" class=\"yoast-schema-graph\">{\"@context\":\"https:\\\/\\\/schema.org\",\"@graph\":[{\"@type\":\"Article\",\"@id\":\"https:\\\/\\\/suffolkcommunitylibraries.co.uk\\\/parkinsons-book-group-launches-at-stowmarket\\\/#article\",\"isPartOf\":{\"@id\":\"https:\\\/\\\/suffolkcommunitylibraries.co.uk\\\/parkinsons-book-group-launches-at-stowmarket\\\/\"},\"author\":{\"name\":\"Lucy Neill\",\"@id\":\"https:\\\/\\\/suffolkcommunitylibraries.co.uk\\\/#\\\/schema\\\/person\\\/92eb00930ceb1a068d18147ee00742b6\"},\"headline\":\"New Parkinson\u2019s support group launching at Stowmarket Library\",\"datePublished\":\"2026-08-24T07:55:42+00:00\",\"mainEntityOfPage\":{\"@id\":\"https:\\\/\\\/suffolkcommunitylibraries.co.uk\\\/parkinsons-book-group-launches-at-stowmarket\\\/\"},\"wordCount\":588,\"publisher\":{\"@id\":\"https:\\\/\\\/suffolkcommunitylibraries.co.uk\\\/#organization\"},\"image\":{\"@id\":\"https:\\\/\\\/suffolkcommunitylibraries.co.uk\\\/parkinsons-book-group-launches-at-stowmarket\\\/#primaryimage\"},\"thumbnailUrl\":\"https:\\\/\\\/suffolkcommunitylibraries.co.uk\\\/wp-content\\\/uploads\\\/2025\\\/07\\\/Reading-book-in-library-stock-resize.jpg\",\"articleSection\":[\"News\"],\"inLanguage\":\"lt-LT\"},{\"@type\":\"WebPage\",\"@id\":\"https:\\\/\\\/suffolkcommunitylibraries.co.uk\\\/parkinsons-book-group-launches-at-stowmarket\\\/\",\"url\":\"https:\\\/\\\/suffolkcommunitylibraries.co.uk\\\/parkinsons-book-group-launches-at-stowmarket\\\/\",\"name\":\"New Parkinson\u2019s support group launching at Stowmarket Library - Suffolk Community Libraries\",\"isPartOf\":{\"@id\":\"https:\\\/\\\/suffolkcommunitylibraries.co.uk\\\/#website\"},\"primaryImageOfPage\":{\"@id\":\"https:\\\/\\\/suffolkcommunitylibraries.co.uk\\\/parkinsons-book-group-launches-at-stowmarket\\\/#primaryimage\"},\"image\":{\"@id\":\"https:\\\/\\\/suffolkcommunitylibraries.co.uk\\\/parkinsons-book-group-launches-at-stowmarket\\\/#primaryimage\"},\"thumbnailUrl\":\"https:\\\/\\\/suffolkcommunitylibraries.co.uk\\\/wp-content\\\/uploads\\\/2025\\\/07\\\/Reading-book-in-library-stock-resize.jpg\",\"datePublished\":\"2026-08-24T07:55:42+00:00\",\"description\":\"People living with Parkinson\u2019s, alongside those who support them, are invited to join a new monthly support group launching at Stowmarket Library this August.\",\"breadcrumb\":{\"@id\":\"https:\\\/\\\/suffolkcommunitylibraries.co.uk\\\/parkinsons-book-group-launches-at-stowmarket\\\/#breadcrumb\"},\"inLanguage\":\"lt-LT\",\"potentialAction\":[{\"@type\":\"ReadAction\",\"target\":[\"https:\\\/\\\/suffolkcommunitylibraries.co.uk\\\/parkinsons-book-group-launches-at-stowmarket\\\/\"]}]},{\"@type\":\"ImageObject\",\"inLanguage\":\"lt-LT\",\"@id\":\"https:\\\/\\\/suffolkcommunitylibraries.co.uk\\\/parkinsons-book-group-launches-at-stowmarket\\\/#primaryimage\",\"url\":\"https:\\\/\\\/suffolkcommunitylibraries.co.uk\\\/wp-content\\\/uploads\\\/2025\\\/07\\\/Reading-book-in-library-stock-resize.jpg\",\"contentUrl\":\"https:\\\/\\\/suffolkcommunitylibraries.co.uk\\\/wp-content\\\/uploads\\\/2025\\\/07\\\/Reading-book-in-library-stock-resize.jpg\",\"width\":1000,\"height\":667,\"caption\":\"Close-up of a person reading a book in a library\"},{\"@type\":\"BreadcrumbList\",\"@id\":\"https:\\\/\\\/suffolkcommunitylibraries.co.uk\\\/parkinsons-book-group-launches-at-stowmarket\\\/#breadcrumb\",\"itemListElement\":[{\"@type\":\"ListItem\",\"position\":1,\"name\":\"Home\",\"item\":\"https:\\\/\\\/suffolkcommunitylibraries.co.uk\\\/\"},{\"@type\":\"ListItem\",\"position\":2,\"name\":\"New Parkinson\u2019s support group launching at Stowmarket Library\"}]},{\"@type\":\"WebSite\",\"@id\":\"https:\\\/\\\/suffolkcommunitylibraries.co.uk\\\/#website\",\"url\":\"https:\\\/\\\/suffolkcommunitylibraries.co.uk\\\/\",\"name\":\"Suffolk Community Libraries\",\"description\":\"Free lending, activities, ebooks, audiobooks and plenty more\",\"publisher\":{\"@id\":\"https:\\\/\\\/suffolkcommunitylibraries.co.uk\\\/#organization\"},\"potentialAction\":[{\"@type\":\"SearchAction\",\"target\":{\"@type\":\"EntryPoint\",\"urlTemplate\":\"https:\\\/\\\/suffolkcommunitylibraries.co.uk\\\/?s={search_term_string}\"},\"query-input\":{\"@type\":\"PropertyValueSpecification\",\"valueRequired\":true,\"valueName\":\"search_term_string\"}}],\"inLanguage\":\"lt-LT\"},{\"@type\":\"Organization\",\"@id\":\"https:\\\/\\\/suffolkcommunitylibraries.co.uk\\\/#organization\",\"name\":\"Suffolk Community Libraries\",\"url\":\"https:\\\/\\\/suffolkcommunitylibraries.co.uk\\\/\",\"logo\":{\"@type\":\"ImageObject\",\"inLanguage\":\"lt-LT\",\"@id\":\"https:\\\/\\\/suffolkcommunitylibraries.co.uk\\\/#\\\/schema\\\/logo\\\/image\\\/\",\"url\":\"https:\\\/\\\/suffolkcommunitylibraries.co.uk\\\/wp-content\\\/uploads\\\/2025\\\/05\\\/SuffolkCL_logo-large-web.png\",\"contentUrl\":\"https:\\\/\\\/suffolkcommunitylibraries.co.uk\\\/wp-content\\\/uploads\\\/2025\\\/05\\\/SuffolkCL_logo-large-web.png\",\"width\":1000,\"height\":405,\"caption\":\"Suffolk Community Libraries\"},\"image\":{\"@id\":\"https:\\\/\\\/suffolkcommunitylibraries.co.uk\\\/#\\\/schema\\\/logo\\\/image\\\/\"},\"sameAs\":[\"https:\\\/\\\/www.facebook.com\\\/SuffolkCommunityLibraries\",\"https:\\\/\\\/x.com\\\/SCLibraries\",\"https:\\\/\\\/www.instagram.com\\\/suffolk_community_libraries\\\/\",\"https:\\\/\\\/www.linkedin.com\\\/company\\\/suffolk-community-libraries\"]},{\"@type\":\"Person\",\"@id\":\"https:\\\/\\\/suffolkcommunitylibraries.co.uk\\\/#\\\/schema\\\/person\\\/92eb00930ceb1a068d18147ee00742b6\",\"name\":\"Lucy Neill\",\"image\":{\"@type\":\"ImageObject\",\"inLanguage\":\"lt-LT\",\"@id\":\"https:\\\/\\\/secure.gravatar.com\\\/avatar\\\/80bb16f06832960272631bc5ee55063a6cdf9fc173aa358db5a74b453b7a2c8e?s=96&d=mm&r=g\",\"url\":\"https:\\\/\\\/secure.gravatar.com\\\/avatar\\\/80bb16f06832960272631bc5ee55063a6cdf9fc173aa358db5a74b453b7a2c8e?s=96&d=mm&r=g\",\"contentUrl\":\"https:\\\/\\\/secure.gravatar.com\\\/avatar\\\/80bb16f06832960272631bc5ee55063a6cdf9fc173aa358db5a74b453b7a2c8e?s=96&d=mm&r=g\",\"caption\":\"Lucy Neill\"},\"url\":\"https:\\\/\\\/suffolkcommunitylibraries.co.uk\\\/lt\\\/author\\\/scl-lucy\\\/\"}]}<\/script>\n<!-- \/ Yoast SEO plugin. -->","yoast_head_json":{"title":"New Parkinson\u2019s support group launching at Stowmarket Library - Suffolk Community Libraries","description":"People living with Parkinson\u2019s, alongside those who support them, are invited to join a new monthly support group launching at Stowmarket Library this August.","robots":{"index":"index","follow":"follow","max-snippet":"max-snippet:-1","max-image-preview":"max-image-preview:large","max-video-preview":"max-video-preview:-1"},"canonical":"https:\/\/suffolkcommunitylibraries.co.uk\/lt\/parkinsons-book-group-launches-at-stowmarket\/","og_locale":"lt_LT","og_type":"article","og_title":"New Parkinson\u2019s support group launching at Stowmarket Library - Suffolk Community Libraries","og_description":"People living with Parkinson\u2019s, alongside those who support them, are invited to join a new monthly support group launching at Stowmarket Library this August.","og_url":"https:\/\/suffolkcommunitylibraries.co.uk\/lt\/wp-json\/wp\/v2\/posts\/62154","og_site_name":"Suffolk Community Libraries","article_publisher":"https:\/\/www.facebook.com\/SuffolkCommunityLibraries","article_published_time":"2026-08-24T07:55:42+00:00","og_image":[{"width":1000,"height":667,"url":"https:\/\/suffolkcommunitylibraries.co.uk\/wp-content\/uploads\/2025\/07\/Reading-book-in-library-stock-resize.jpg","type":"image\/jpeg"}],"author":"Lucy Neill","twitter_card":"summary_large_image","twitter_creator":"@SCLibraries","twitter_site":"@SCLibraries","twitter_misc":{"Written by":"Lucy Neill","Est. reading time":"1 minut\u0117"},"schema":{"@context":"https:\/\/schema.org","@graph":[{"@type":"Article","@id":"https:\/\/suffolkcommunitylibraries.co.uk\/parkinsons-book-group-launches-at-stowmarket\/#article","isPartOf":{"@id":"https:\/\/suffolkcommunitylibraries.co.uk\/parkinsons-book-group-launches-at-stowmarket\/"},"author":{"name":"Lucy Neill","@id":"https:\/\/suffolkcommunitylibraries.co.uk\/#\/schema\/person\/92eb00930ceb1a068d18147ee00742b6"},"headline":"New Parkinson\u2019s support group launching at Stowmarket Library","datePublished":"2026-08-24T07:55:42+00:00","mainEntityOfPage":{"@id":"https:\/\/suffolkcommunitylibraries.co.uk\/parkinsons-book-group-launches-at-stowmarket\/"},"wordCount":588,"publisher":{"@id":"https:\/\/suffolkcommunitylibraries.co.uk\/#organization"},"image":{"@id":"https:\/\/suffolkcommunitylibraries.co.uk\/parkinsons-book-group-launches-at-stowmarket\/#primaryimage"},"thumbnailUrl":"https:\/\/suffolkcommunitylibraries.co.uk\/wp-content\/uploads\/2025\/07\/Reading-book-in-library-stock-resize.jpg","articleSection":["News"],"inLanguage":"lt-LT"},{"@type":"WebPage","@id":"https:\/\/suffolkcommunitylibraries.co.uk\/parkinsons-book-group-launches-at-stowmarket\/","url":"https:\/\/suffolkcommunitylibraries.co.uk\/parkinsons-book-group-launches-at-stowmarket\/","name":"New Parkinson\u2019s support group launching at Stowmarket Library - Suffolk Community Libraries","isPartOf":{"@id":"https:\/\/suffolkcommunitylibraries.co.uk\/#website"},"primaryImageOfPage":{"@id":"https:\/\/suffolkcommunitylibraries.co.uk\/parkinsons-book-group-launches-at-stowmarket\/#primaryimage"},"image":{"@id":"https:\/\/suffolkcommunitylibraries.co.uk\/parkinsons-book-group-launches-at-stowmarket\/#primaryimage"},"thumbnailUrl":"https:\/\/suffolkcommunitylibraries.co.uk\/wp-content\/uploads\/2025\/07\/Reading-book-in-library-stock-resize.jpg","datePublished":"2026-08-24T07:55:42+00:00","description":"People living with Parkinson\u2019s, alongside those who support them, are invited to join a new monthly support group launching at Stowmarket Library this August.","breadcrumb":{"@id":"https:\/\/suffolkcommunitylibraries.co.uk\/parkinsons-book-group-launches-at-stowmarket\/#breadcrumb"},"inLanguage":"lt-LT","potentialAction":[{"@type":"ReadAction","target":["https:\/\/suffolkcommunitylibraries.co.uk\/parkinsons-book-group-launches-at-stowmarket\/"]}]},{"@type":"ImageObject","inLanguage":"lt-LT","@id":"https:\/\/suffolkcommunitylibraries.co.uk\/parkinsons-book-group-launches-at-stowmarket\/#primaryimage","url":"https:\/\/suffolkcommunitylibraries.co.uk\/wp-content\/uploads\/2025\/07\/Reading-book-in-library-stock-resize.jpg","contentUrl":"https:\/\/suffolkcommunitylibraries.co.uk\/wp-content\/uploads\/2025\/07\/Reading-book-in-library-stock-resize.jpg","width":1000,"height":667,"caption":"Close-up of a person reading a book in a library"},{"@type":"BreadcrumbList","@id":"https:\/\/suffolkcommunitylibraries.co.uk\/parkinsons-book-group-launches-at-stowmarket\/#breadcrumb","itemListElement":[{"@type":"ListItem","position":1,"name":"Home","item":"https:\/\/suffolkcommunitylibraries.co.uk\/"},{"@type":"ListItem","position":2,"name":"New Parkinson\u2019s support group launching at Stowmarket Library"}]},{"@type":"WebSite","@id":"https:\/\/suffolkcommunitylibraries.co.uk\/#website","url":"https:\/\/suffolkcommunitylibraries.co.uk\/","name":"Safolko bendruomen\u0117s bibliotekos","description":"Nemokamas skolinimasis, u\u017esi\u0117mimai, el. knygos, garso knygos ir daug daugiau","publisher":{"@id":"https:\/\/suffolkcommunitylibraries.co.uk\/#organization"},"potentialAction":[{"@type":"SearchAction","target":{"@type":"EntryPoint","urlTemplate":"https:\/\/suffolkcommunitylibraries.co.uk\/?s={search_term_string}"},"query-input":{"@type":"PropertyValueSpecification","valueRequired":true,"valueName":"search_term_string"}}],"inLanguage":"lt-LT"},{"@type":"Organization","@id":"https:\/\/suffolkcommunitylibraries.co.uk\/#organization","name":"Safolko bendruomen\u0117s bibliotekos","url":"https:\/\/suffolkcommunitylibraries.co.uk\/","logo":{"@type":"ImageObject","inLanguage":"lt-LT","@id":"https:\/\/suffolkcommunitylibraries.co.uk\/#\/schema\/logo\/image\/","url":"https:\/\/suffolkcommunitylibraries.co.uk\/wp-content\/uploads\/2025\/05\/SuffolkCL_logo-large-web.png","contentUrl":"https:\/\/suffolkcommunitylibraries.co.uk\/wp-content\/uploads\/2025\/05\/SuffolkCL_logo-large-web.png","width":1000,"height":405,"caption":"Suffolk Community Libraries"},"image":{"@id":"https:\/\/suffolkcommunitylibraries.co.uk\/#\/schema\/logo\/image\/"},"sameAs":["https:\/\/www.facebook.com\/SuffolkCommunityLibraries","https:\/\/x.com\/SCLibraries","https:\/\/www.instagram.com\/suffolk_community_libraries\/","https:\/\/www.linkedin.com\/company\/suffolk-community-libraries"]},{"@type":"Person","@id":"https:\/\/suffolkcommunitylibraries.co.uk\/#\/schema\/person\/92eb00930ceb1a068d18147ee00742b6","name":"Lucy Neill","image":{"@type":"ImageObject","inLanguage":"lt-LT","@id":"https:\/\/secure.gravatar.com\/avatar\/80bb16f06832960272631bc5ee55063a6cdf9fc173aa358db5a74b453b7a2c8e?s=96&d=mm&r=g","url":"https:\/\/secure.gravatar.com\/avatar\/80bb16f06832960272631bc5ee55063a6cdf9fc173aa358db5a74b453b7a2c8e?s=96&d=mm&r=g","contentUrl":"https:\/\/secure.gravatar.com\/avatar\/80bb16f06832960272631bc5ee55063a6cdf9fc173aa358db5a74b453b7a2c8e?s=96&d=mm&r=g","caption":"Lucy Neill"},"url":"https:\/\/suffolkcommunitylibraries.co.uk\/lt\/author\/scl-lucy\/"}]}},"_links":{"self":[{"href":"https:\/\/suffolkcommunitylibraries.co.uk\/lt\/wp-json\/wp\/v2\/posts\/62154","targetHints":{"allow":["GET"]}}],"collection":[{"href":"https:\/\/suffolkcommunitylibraries.co.uk\/lt\/wp-json\/wp\/v2\/posts"}],"about":[{"href":"https:\/\/suffolkcommunitylibraries.co.uk\/lt\/wp-json\/wp\/v2\/types\/post"}],"author":[{"embeddable":true,"href":"https:\/\/suffolkcommunitylibraries.co.uk\/lt\/wp-json\/wp\/v2\/users\/13"}],"replies":[{"embeddable":true,"href":"https:\/\/suffolkcommunitylibraries.co.uk\/lt\/wp-json\/wp\/v2\/comments?post=62154"}],"version-history":[{"count":1,"href":"https:\/\/suffolkcommunitylibraries.co.uk\/lt\/wp-json\/wp\/v2\/posts\/62154\/revisions"}],"predecessor-version":[{"id":62159,"href":"https:\/\/suffolkcommunitylibraries.co.uk\/lt\/wp-json\/wp\/v2\/posts\/62154\/revisions\/62159"}],"wp:featuredmedia":[{"embeddable":true,"href":"https:\/\/suffolkcommunitylibraries.co.uk\/lt\/wp-json\/wp\/v2\/media\/37636"}],"wp:attachment":[{"href":"https:\/\/suffolkcommunitylibraries.co.uk\/lt\/wp-json\/wp\/v2\/media?parent=62154"}],"wp:term":[{"taxonomy":"category","embeddable":true,"href":"https:\/\/suffolkcommunitylibraries.co.uk\/lt\/wp-json\/wp\/v2\/categories?post=62154"},{"taxonomy":"post_tag","embeddable":true,"href":"https:\/\/suffolkcommunitylibraries.co.uk\/lt\/wp-json\/wp\/v2\/tags?post=62154"}],"curies":[{"name":"wp","href":"https:\/\/api.w.org\/{rel}","templated":true}]}}