{"id":62509,"date":"2026-09-04T12:08:24","date_gmt":"2026-09-04T11:08:24","guid":{"rendered":"https:\/\/suffolkcommunitylibraries.co.uk\/?p=62509"},"modified":"2026-09-04T12:08:25","modified_gmt":"2026-09-04T11:08:25","slug":"stories-of-us-launch-at-beccles-library","status":"publish","type":"post","link":"https:\/\/suffolkcommunitylibraries.co.uk\/pl\/stories-of-us-launch-at-beccles-library\/","title":{"rendered":"Stories of Us: New creative group for 14-18 year olds starting at Beccles Library"},"content":{"rendered":"<p>[et_pb_section fb_built=&#8221;1&#8243; _builder_version=&#8221;4.27.4&#8243; _module_preset=&#8221;default&#8221; custom_padding=&#8221;||0px||false|false&#8221; da_disable_devices=&#8221;off|off|off&#8221; global_colors_info=&#8221;{}&#8221; da_is_popup=&#8221;off&#8221; da_exit_intent=&#8221;off&#8221; da_has_close=&#8221;on&#8221; da_alt_close=&#8221;off&#8221; da_dark_close=&#8221;off&#8221; da_not_modal=&#8221;on&#8221; da_is_singular=&#8221;off&#8221; da_with_loader=&#8221;off&#8221; da_has_shadow=&#8221;on&#8221;][et_pb_row _builder_version=&#8221;4.27.4&#8243; _module_preset=&#8221;default&#8221; custom_padding=&#8221;||0px||false|false&#8221; global_colors_info=&#8221;{}&#8221;][et_pb_column type=&#8221;4_4&#8243; _builder_version=&#8221;4.27.4&#8243; _module_preset=&#8221;default&#8221; global_colors_info=&#8221;{}&#8221;][et_pb_text _builder_version=&#8221;4.27.8&#8243; _module_preset=&#8221;default&#8221; text_font_size=&#8221;19px&#8221; text_line_height=&#8221;1.3em&#8221; hover_enabled=&#8221;0&#8243; global_colors_info=&#8221;{}&#8221; sticky_enabled=&#8221;0&#8243;]<\/p>\n<p><em><strong>By Lucy Neill | 4 September 2026<\/strong><\/em><\/p>\n<p>[\/et_pb_text][et_pb_text _builder_version=&#8221;4.27.8&#8243; _module_preset=&#8221;default&#8221; text_font_size=&#8221;19px&#8221; text_line_height=&#8221;1.3em&#8221; link_font_size=&#8221;19px&#8221; link_line_height=&#8221;1.3em&#8221; hover_enabled=&#8221;0&#8243; global_colors_info=&#8221;{}&#8221; sticky_enabled=&#8221;0&#8243;]<\/p>\n<p>A new series of free creative workshops aimed at 14-18 year olds will soon be starting at Beccles Library.<\/p>\n<p>Stories of Us is a new programme delivered in partnership with Suffolk Artlink and East Suffolk Council. The programme starts on Friday 25 September and offers different workshop themes for teens and young adults on exploring identity, heritage and self-expression through books, storytelling and creativity.<\/p>\n<p>Workshops take place every other Friday from 4pm to 6pm. The full programme is as follows:<\/p>\n<ul>\n<li>25 September and 9 October: Exploring Self-Expression<\/li>\n<li>23 October and 6 November: Exploring My Community &amp; Shared Spaces<\/li>\n<li>20 November and 4 December: Exploring Identity.<\/li>\n<\/ul>\n<p>A <a href=\"https:\/\/suffolkcommunitylibraries.co.uk\/events\/stories-of-us-launch-event.1735\/\">special launch event<\/a> is taking place on Friday 11 September which offers young people the chance to meet, chat, and try out creative activities over refreshments. This launch event is free to attend but booking is encouraged due to limited spaces. Tickets can be booked <a href=\"https:\/\/www.ticketsource.com\/beccles-library\/stories-of-us-launch-event\/2026-09-11\/16:00\/t-yzgqrze\" target=\"_blank\" rel=\"noopener\">online on TicketSource<\/a>.<\/p>\n<p>Throughout the programme, participants are invited to work towards creating a collaborative zine that brings together everything they have learned at each workshop, which will be on display at a public exhibition at Beccles Library.<\/p>\n<p>Chloe Guy-Pearson is a Library &amp; Information Advisor at Beccles Library and is organising the Stories of Us programme. Chloe said:<\/p>\n<p>[\/et_pb_text][et_pb_text _builder_version=&#8221;4.27.8&#8243; _module_preset=&#8221;default&#8221; text_font_size=&#8221;19px&#8221; text_line_height=&#8221;1.3em&#8221; link_font_size=&#8221;19px&#8221; link_line_height=&#8221;1.3em&#8221; hover_enabled=&#8221;0&#8243; global_colors_info=&#8221;{}&#8221; sticky_enabled=&#8221;0&#8243;]<\/p>\n<blockquote><p><em>\u201cWe\u2019re really pleased to offer Stories of Us at Beccles Library and create something a little different for local young people. Thanks to the support of our funders and partners, we can use the library as a welcoming space for young people to be creative, meet others and explore their own stories.<\/em><br \/>\n&nbsp;<br \/>\n<em>\u201cWe look forward to seeing the artwork that these young people will create!\u201d<\/em><\/p><\/blockquote>\n<p>[\/et_pb_text][et_pb_text _builder_version=&#8221;4.27.8&#8243; _module_preset=&#8221;default&#8221; text_font_size=&#8221;19px&#8221; text_line_height=&#8221;1.3em&#8221; link_font_size=&#8221;19px&#8221; link_line_height=&#8221;1.3em&#8221; hover_enabled=&#8221;0&#8243; global_colors_info=&#8221;{}&#8221; sticky_enabled=&#8221;0&#8243;]The project is funded by East Suffolk Council and has been developed in collaboration with Suffolk Artlink with support from the Beccles Library Community Trust. [\/et_pb_text][et_pb_divider _builder_version=&#8221;4.27.4&#8243; _module_preset=&#8221;default&#8221; global_colors_info=&#8221;{}&#8221;][\/et_pb_divider][\/et_pb_column][\/et_pb_row][\/et_pb_section]<\/p>\n","protected":false},"excerpt":{"rendered":"<p>A new series of free creative workshops aimed at 14-18 year olds will soon be starting at Beccles Library.<\/p>","protected":false},"author":13,"featured_media":61948,"comment_status":"closed","ping_status":"open","sticky":false,"template":"","format":"standard","meta":{"_acf_changed":false,"_et_pb_use_builder":"on","_et_pb_old_content":"","_et_gb_content_width":"","footnotes":""},"categories":[138],"tags":[],"class_list":["post-62509","post","type-post","status-publish","format-standard","has-post-thumbnail","hentry","category-news"],"acf":[],"yoast_head":"<!-- This site is optimized with the Yoast SEO plugin v28.4 - https:\/\/yoast.com\/product\/yoast-seo-wordpress\/ -->\n<title>Stories of Us: New creative group for 14-18 year olds starting at Beccles Library - Suffolk Community Libraries<\/title>\n<meta name=\"description\" content=\"A new series of free creative workshops aimed at 14-18 year olds will soon be starting at Beccles Library.\" \/>\n<meta name=\"robots\" content=\"index, follow, max-snippet:-1, max-image-preview:large, max-video-preview:-1\" \/>\n<link rel=\"canonical\" href=\"https:\/\/suffolkcommunitylibraries.co.uk\/pl\/stories-of-us-launch-at-beccles-library\/\" \/>\n<meta property=\"og:locale\" content=\"pl_PL\" \/>\n<meta property=\"og:type\" content=\"article\" \/>\n<meta property=\"og:title\" content=\"Stories of Us: New creative group for 14-18 year olds starting at Beccles Library - Suffolk Community Libraries\" \/>\n<meta property=\"og:description\" content=\"A new series of free creative workshops aimed at 14-18 year olds will soon be starting at Beccles Library.\" \/>\n<meta property=\"og:url\" content=\"https:\/\/suffolkcommunitylibraries.co.uk\/pl\/wp-json\/wp\/v2\/posts\/62509\" \/>\n<meta property=\"og:site_name\" content=\"Suffolk Community Libraries\" \/>\n<meta property=\"article:publisher\" content=\"https:\/\/www.facebook.com\/SuffolkCommunityLibraries\" \/>\n<meta property=\"article:published_time\" content=\"2026-09-04T11:08:24+00:00\" \/>\n<meta property=\"article:modified_time\" content=\"2026-09-04T11:08:25+00:00\" \/>\n<meta property=\"og:image\" content=\"https:\/\/suffolkcommunitylibraries.co.uk\/wp-content\/uploads\/2026\/08\/Stories-of-Us-3x2-resize.jpg\" \/>\n\t<meta property=\"og:image:width\" content=\"1000\" \/>\n\t<meta property=\"og:image:height\" content=\"667\" \/>\n\t<meta property=\"og:image:type\" content=\"image\/jpeg\" \/>\n<meta name=\"author\" content=\"Lucy Neill\" \/>\n<meta name=\"twitter:card\" content=\"summary_large_image\" \/>\n<meta name=\"twitter:creator\" content=\"@SCLibraries\" \/>\n<meta name=\"twitter:site\" content=\"@SCLibraries\" \/>\n<meta name=\"twitter:label1\" content=\"Napisane przez\" \/>\n\t<meta name=\"twitter:data1\" content=\"Lucy Neill\" \/>\n\t<meta name=\"twitter:label2\" content=\"Szacowany czas czytania\" \/>\n\t<meta name=\"twitter:data2\" content=\"1 minuta\" \/>\n<script type=\"application\/ld+json\" class=\"yoast-schema-graph\">{\"@context\":\"https:\\\/\\\/schema.org\",\"@graph\":[{\"@type\":\"Article\",\"@id\":\"https:\\\/\\\/suffolkcommunitylibraries.co.uk\\\/stories-of-us-launch-at-beccles-library\\\/#article\",\"isPartOf\":{\"@id\":\"https:\\\/\\\/suffolkcommunitylibraries.co.uk\\\/stories-of-us-launch-at-beccles-library\\\/\"},\"author\":{\"name\":\"Lucy Neill\",\"@id\":\"https:\\\/\\\/suffolkcommunitylibraries.co.uk\\\/#\\\/schema\\\/person\\\/92eb00930ceb1a068d18147ee00742b6\"},\"headline\":\"Stories of Us: New creative group for 14-18 year olds starting at Beccles Library\",\"datePublished\":\"2026-09-04T11:08:24+00:00\",\"dateModified\":\"2026-09-04T11:08:25+00:00\",\"mainEntityOfPage\":{\"@id\":\"https:\\\/\\\/suffolkcommunitylibraries.co.uk\\\/stories-of-us-launch-at-beccles-library\\\/\"},\"wordCount\":551,\"publisher\":{\"@id\":\"https:\\\/\\\/suffolkcommunitylibraries.co.uk\\\/#organization\"},\"image\":{\"@id\":\"https:\\\/\\\/suffolkcommunitylibraries.co.uk\\\/stories-of-us-launch-at-beccles-library\\\/#primaryimage\"},\"thumbnailUrl\":\"https:\\\/\\\/suffolkcommunitylibraries.co.uk\\\/wp-content\\\/uploads\\\/2026\\\/08\\\/Stories-of-Us-3x2-resize.jpg\",\"articleSection\":[\"News\"],\"inLanguage\":\"pl-PL\"},{\"@type\":\"WebPage\",\"@id\":\"https:\\\/\\\/suffolkcommunitylibraries.co.uk\\\/stories-of-us-launch-at-beccles-library\\\/\",\"url\":\"https:\\\/\\\/suffolkcommunitylibraries.co.uk\\\/stories-of-us-launch-at-beccles-library\\\/\",\"name\":\"Stories of Us: New creative group for 14-18 year olds starting at Beccles Library - Suffolk Community Libraries\",\"isPartOf\":{\"@id\":\"https:\\\/\\\/suffolkcommunitylibraries.co.uk\\\/#website\"},\"primaryImageOfPage\":{\"@id\":\"https:\\\/\\\/suffolkcommunitylibraries.co.uk\\\/stories-of-us-launch-at-beccles-library\\\/#primaryimage\"},\"image\":{\"@id\":\"https:\\\/\\\/suffolkcommunitylibraries.co.uk\\\/stories-of-us-launch-at-beccles-library\\\/#primaryimage\"},\"thumbnailUrl\":\"https:\\\/\\\/suffolkcommunitylibraries.co.uk\\\/wp-content\\\/uploads\\\/2026\\\/08\\\/Stories-of-Us-3x2-resize.jpg\",\"datePublished\":\"2026-09-04T11:08:24+00:00\",\"dateModified\":\"2026-09-04T11:08:25+00:00\",\"description\":\"A new series of free creative workshops aimed at 14-18 year olds will soon be starting at Beccles Library.\",\"breadcrumb\":{\"@id\":\"https:\\\/\\\/suffolkcommunitylibraries.co.uk\\\/stories-of-us-launch-at-beccles-library\\\/#breadcrumb\"},\"inLanguage\":\"pl-PL\",\"potentialAction\":[{\"@type\":\"ReadAction\",\"target\":[\"https:\\\/\\\/suffolkcommunitylibraries.co.uk\\\/stories-of-us-launch-at-beccles-library\\\/\"]}]},{\"@type\":\"ImageObject\",\"inLanguage\":\"pl-PL\",\"@id\":\"https:\\\/\\\/suffolkcommunitylibraries.co.uk\\\/stories-of-us-launch-at-beccles-library\\\/#primaryimage\",\"url\":\"https:\\\/\\\/suffolkcommunitylibraries.co.uk\\\/wp-content\\\/uploads\\\/2026\\\/08\\\/Stories-of-Us-3x2-resize.jpg\",\"contentUrl\":\"https:\\\/\\\/suffolkcommunitylibraries.co.uk\\\/wp-content\\\/uploads\\\/2026\\\/08\\\/Stories-of-Us-3x2-resize.jpg\",\"width\":1000,\"height\":667,\"caption\":\"Stories of Us\"},{\"@type\":\"BreadcrumbList\",\"@id\":\"https:\\\/\\\/suffolkcommunitylibraries.co.uk\\\/stories-of-us-launch-at-beccles-library\\\/#breadcrumb\",\"itemListElement\":[{\"@type\":\"ListItem\",\"position\":1,\"name\":\"Home\",\"item\":\"https:\\\/\\\/suffolkcommunitylibraries.co.uk\\\/\"},{\"@type\":\"ListItem\",\"position\":2,\"name\":\"Stories of Us: New creative group for 14-18 year olds starting at Beccles Library\"}]},{\"@type\":\"WebSite\",\"@id\":\"https:\\\/\\\/suffolkcommunitylibraries.co.uk\\\/#website\",\"url\":\"https:\\\/\\\/suffolkcommunitylibraries.co.uk\\\/\",\"name\":\"Suffolk Community Libraries\",\"description\":\"Free lending, activities, ebooks, audiobooks and plenty more\",\"publisher\":{\"@id\":\"https:\\\/\\\/suffolkcommunitylibraries.co.uk\\\/#organization\"},\"potentialAction\":[{\"@type\":\"SearchAction\",\"target\":{\"@type\":\"EntryPoint\",\"urlTemplate\":\"https:\\\/\\\/suffolkcommunitylibraries.co.uk\\\/?s={search_term_string}\"},\"query-input\":{\"@type\":\"PropertyValueSpecification\",\"valueRequired\":true,\"valueName\":\"search_term_string\"}}],\"inLanguage\":\"pl-PL\"},{\"@type\":\"Organization\",\"@id\":\"https:\\\/\\\/suffolkcommunitylibraries.co.uk\\\/#organization\",\"name\":\"Suffolk Community Libraries\",\"url\":\"https:\\\/\\\/suffolkcommunitylibraries.co.uk\\\/\",\"logo\":{\"@type\":\"ImageObject\",\"inLanguage\":\"pl-PL\",\"@id\":\"https:\\\/\\\/suffolkcommunitylibraries.co.uk\\\/#\\\/schema\\\/logo\\\/image\\\/\",\"url\":\"https:\\\/\\\/suffolkcommunitylibraries.co.uk\\\/wp-content\\\/uploads\\\/2025\\\/05\\\/SuffolkCL_logo-large-web.png\",\"contentUrl\":\"https:\\\/\\\/suffolkcommunitylibraries.co.uk\\\/wp-content\\\/uploads\\\/2025\\\/05\\\/SuffolkCL_logo-large-web.png\",\"width\":1000,\"height\":405,\"caption\":\"Suffolk Community Libraries\"},\"image\":{\"@id\":\"https:\\\/\\\/suffolkcommunitylibraries.co.uk\\\/#\\\/schema\\\/logo\\\/image\\\/\"},\"sameAs\":[\"https:\\\/\\\/www.facebook.com\\\/SuffolkCommunityLibraries\",\"https:\\\/\\\/x.com\\\/SCLibraries\",\"https:\\\/\\\/www.instagram.com\\\/suffolk_community_libraries\\\/\",\"https:\\\/\\\/www.linkedin.com\\\/company\\\/suffolk-community-libraries\"]},{\"@type\":\"Person\",\"@id\":\"https:\\\/\\\/suffolkcommunitylibraries.co.uk\\\/#\\\/schema\\\/person\\\/92eb00930ceb1a068d18147ee00742b6\",\"name\":\"Lucy Neill\",\"image\":{\"@type\":\"ImageObject\",\"inLanguage\":\"pl-PL\",\"@id\":\"https:\\\/\\\/secure.gravatar.com\\\/avatar\\\/80bb16f06832960272631bc5ee55063a6cdf9fc173aa358db5a74b453b7a2c8e?s=96&d=mm&r=g\",\"url\":\"https:\\\/\\\/secure.gravatar.com\\\/avatar\\\/80bb16f06832960272631bc5ee55063a6cdf9fc173aa358db5a74b453b7a2c8e?s=96&d=mm&r=g\",\"contentUrl\":\"https:\\\/\\\/secure.gravatar.com\\\/avatar\\\/80bb16f06832960272631bc5ee55063a6cdf9fc173aa358db5a74b453b7a2c8e?s=96&d=mm&r=g\",\"caption\":\"Lucy Neill\"},\"url\":\"https:\\\/\\\/suffolkcommunitylibraries.co.uk\\\/pl\\\/author\\\/scl-lucy\\\/\"}]}<\/script>\n<!-- \/ Yoast SEO plugin. -->","yoast_head_json":{"title":"Stories of Us: New creative group for 14-18 year olds starting at Beccles Library - Suffolk Community Libraries","description":"A new series of free creative workshops aimed at 14-18 year olds will soon be starting at Beccles Library.","robots":{"index":"index","follow":"follow","max-snippet":"max-snippet:-1","max-image-preview":"max-image-preview:large","max-video-preview":"max-video-preview:-1"},"canonical":"https:\/\/suffolkcommunitylibraries.co.uk\/pl\/stories-of-us-launch-at-beccles-library\/","og_locale":"pl_PL","og_type":"article","og_title":"Stories of Us: New creative group for 14-18 year olds starting at Beccles Library - Suffolk Community Libraries","og_description":"A new series of free creative workshops aimed at 14-18 year olds will soon be starting at Beccles Library.","og_url":"https:\/\/suffolkcommunitylibraries.co.uk\/pl\/wp-json\/wp\/v2\/posts\/62509","og_site_name":"Suffolk Community Libraries","article_publisher":"https:\/\/www.facebook.com\/SuffolkCommunityLibraries","article_published_time":"2026-09-04T11:08:24+00:00","article_modified_time":"2026-09-04T11:08:25+00:00","og_image":[{"width":1000,"height":667,"url":"https:\/\/suffolkcommunitylibraries.co.uk\/wp-content\/uploads\/2026\/08\/Stories-of-Us-3x2-resize.jpg","type":"image\/jpeg"}],"author":"Lucy Neill","twitter_card":"summary_large_image","twitter_creator":"@SCLibraries","twitter_site":"@SCLibraries","twitter_misc":{"Napisane przez":"Lucy Neill","Szacowany czas czytania":"1 minuta"},"schema":{"@context":"https:\/\/schema.org","@graph":[{"@type":"Article","@id":"https:\/\/suffolkcommunitylibraries.co.uk\/stories-of-us-launch-at-beccles-library\/#article","isPartOf":{"@id":"https:\/\/suffolkcommunitylibraries.co.uk\/stories-of-us-launch-at-beccles-library\/"},"author":{"name":"Lucy Neill","@id":"https:\/\/suffolkcommunitylibraries.co.uk\/#\/schema\/person\/92eb00930ceb1a068d18147ee00742b6"},"headline":"Stories of Us: New creative group for 14-18 year olds starting at Beccles Library","datePublished":"2026-09-04T11:08:24+00:00","dateModified":"2026-09-04T11:08:25+00:00","mainEntityOfPage":{"@id":"https:\/\/suffolkcommunitylibraries.co.uk\/stories-of-us-launch-at-beccles-library\/"},"wordCount":551,"publisher":{"@id":"https:\/\/suffolkcommunitylibraries.co.uk\/#organization"},"image":{"@id":"https:\/\/suffolkcommunitylibraries.co.uk\/stories-of-us-launch-at-beccles-library\/#primaryimage"},"thumbnailUrl":"https:\/\/suffolkcommunitylibraries.co.uk\/wp-content\/uploads\/2026\/08\/Stories-of-Us-3x2-resize.jpg","articleSection":["News"],"inLanguage":"pl-PL"},{"@type":"WebPage","@id":"https:\/\/suffolkcommunitylibraries.co.uk\/stories-of-us-launch-at-beccles-library\/","url":"https:\/\/suffolkcommunitylibraries.co.uk\/stories-of-us-launch-at-beccles-library\/","name":"Stories of Us: New creative group for 14-18 year olds starting at Beccles Library - Suffolk Community Libraries","isPartOf":{"@id":"https:\/\/suffolkcommunitylibraries.co.uk\/#website"},"primaryImageOfPage":{"@id":"https:\/\/suffolkcommunitylibraries.co.uk\/stories-of-us-launch-at-beccles-library\/#primaryimage"},"image":{"@id":"https:\/\/suffolkcommunitylibraries.co.uk\/stories-of-us-launch-at-beccles-library\/#primaryimage"},"thumbnailUrl":"https:\/\/suffolkcommunitylibraries.co.uk\/wp-content\/uploads\/2026\/08\/Stories-of-Us-3x2-resize.jpg","datePublished":"2026-09-04T11:08:24+00:00","dateModified":"2026-09-04T11:08:25+00:00","description":"A new series of free creative workshops aimed at 14-18 year olds will soon be starting at Beccles Library.","breadcrumb":{"@id":"https:\/\/suffolkcommunitylibraries.co.uk\/stories-of-us-launch-at-beccles-library\/#breadcrumb"},"inLanguage":"pl-PL","potentialAction":[{"@type":"ReadAction","target":["https:\/\/suffolkcommunitylibraries.co.uk\/stories-of-us-launch-at-beccles-library\/"]}]},{"@type":"ImageObject","inLanguage":"pl-PL","@id":"https:\/\/suffolkcommunitylibraries.co.uk\/stories-of-us-launch-at-beccles-library\/#primaryimage","url":"https:\/\/suffolkcommunitylibraries.co.uk\/wp-content\/uploads\/2026\/08\/Stories-of-Us-3x2-resize.jpg","contentUrl":"https:\/\/suffolkcommunitylibraries.co.uk\/wp-content\/uploads\/2026\/08\/Stories-of-Us-3x2-resize.jpg","width":1000,"height":667,"caption":"Stories of Us"},{"@type":"BreadcrumbList","@id":"https:\/\/suffolkcommunitylibraries.co.uk\/stories-of-us-launch-at-beccles-library\/#breadcrumb","itemListElement":[{"@type":"ListItem","position":1,"name":"Home","item":"https:\/\/suffolkcommunitylibraries.co.uk\/"},{"@type":"ListItem","position":2,"name":"Stories of Us: New creative group for 14-18 year olds starting at Beccles Library"}]},{"@type":"WebSite","@id":"https:\/\/suffolkcommunitylibraries.co.uk\/#website","url":"https:\/\/suffolkcommunitylibraries.co.uk\/","name":"Biblioteki spo\u0142eczno\u015bci Suffolk","description":"Bezp\u0142atne wypo\u017cyczanie, zaj\u0119cia, e-booki, audiobooki i wiele wi\u0119cej","publisher":{"@id":"https:\/\/suffolkcommunitylibraries.co.uk\/#organization"},"potentialAction":[{"@type":"SearchAction","target":{"@type":"EntryPoint","urlTemplate":"https:\/\/suffolkcommunitylibraries.co.uk\/?s={search_term_string}"},"query-input":{"@type":"PropertyValueSpecification","valueRequired":true,"valueName":"search_term_string"}}],"inLanguage":"pl-PL"},{"@type":"Organization","@id":"https:\/\/suffolkcommunitylibraries.co.uk\/#organization","name":"Biblioteki spo\u0142eczno\u015bci Suffolk","url":"https:\/\/suffolkcommunitylibraries.co.uk\/","logo":{"@type":"ImageObject","inLanguage":"pl-PL","@id":"https:\/\/suffolkcommunitylibraries.co.uk\/#\/schema\/logo\/image\/","url":"https:\/\/suffolkcommunitylibraries.co.uk\/wp-content\/uploads\/2025\/05\/SuffolkCL_logo-large-web.png","contentUrl":"https:\/\/suffolkcommunitylibraries.co.uk\/wp-content\/uploads\/2025\/05\/SuffolkCL_logo-large-web.png","width":1000,"height":405,"caption":"Suffolk Community Libraries"},"image":{"@id":"https:\/\/suffolkcommunitylibraries.co.uk\/#\/schema\/logo\/image\/"},"sameAs":["https:\/\/www.facebook.com\/SuffolkCommunityLibraries","https:\/\/x.com\/SCLibraries","https:\/\/www.instagram.com\/suffolk_community_libraries\/","https:\/\/www.linkedin.com\/company\/suffolk-community-libraries"]},{"@type":"Person","@id":"https:\/\/suffolkcommunitylibraries.co.uk\/#\/schema\/person\/92eb00930ceb1a068d18147ee00742b6","name":"Lucy Neill","image":{"@type":"ImageObject","inLanguage":"pl-PL","@id":"https:\/\/secure.gravatar.com\/avatar\/80bb16f06832960272631bc5ee55063a6cdf9fc173aa358db5a74b453b7a2c8e?s=96&d=mm&r=g","url":"https:\/\/secure.gravatar.com\/avatar\/80bb16f06832960272631bc5ee55063a6cdf9fc173aa358db5a74b453b7a2c8e?s=96&d=mm&r=g","contentUrl":"https:\/\/secure.gravatar.com\/avatar\/80bb16f06832960272631bc5ee55063a6cdf9fc173aa358db5a74b453b7a2c8e?s=96&d=mm&r=g","caption":"Lucy Neill"},"url":"https:\/\/suffolkcommunitylibraries.co.uk\/pl\/author\/scl-lucy\/"}]}},"_links":{"self":[{"href":"https:\/\/suffolkcommunitylibraries.co.uk\/pl\/wp-json\/wp\/v2\/posts\/62509","targetHints":{"allow":["GET"]}}],"collection":[{"href":"https:\/\/suffolkcommunitylibraries.co.uk\/pl\/wp-json\/wp\/v2\/posts"}],"about":[{"href":"https:\/\/suffolkcommunitylibraries.co.uk\/pl\/wp-json\/wp\/v2\/types\/post"}],"author":[{"embeddable":true,"href":"https:\/\/suffolkcommunitylibraries.co.uk\/pl\/wp-json\/wp\/v2\/users\/13"}],"replies":[{"embeddable":true,"href":"https:\/\/suffolkcommunitylibraries.co.uk\/pl\/wp-json\/wp\/v2\/comments?post=62509"}],"version-history":[{"count":1,"href":"https:\/\/suffolkcommunitylibraries.co.uk\/pl\/wp-json\/wp\/v2\/posts\/62509\/revisions"}],"predecessor-version":[{"id":62513,"href":"https:\/\/suffolkcommunitylibraries.co.uk\/pl\/wp-json\/wp\/v2\/posts\/62509\/revisions\/62513"}],"wp:featuredmedia":[{"embeddable":true,"href":"https:\/\/suffolkcommunitylibraries.co.uk\/pl\/wp-json\/wp\/v2\/media\/61948"}],"wp:attachment":[{"href":"https:\/\/suffolkcommunitylibraries.co.uk\/pl\/wp-json\/wp\/v2\/media?parent=62509"}],"wp:term":[{"taxonomy":"category","embeddable":true,"href":"https:\/\/suffolkcommunitylibraries.co.uk\/pl\/wp-json\/wp\/v2\/categories?post=62509"},{"taxonomy":"post_tag","embeddable":true,"href":"https:\/\/suffolkcommunitylibraries.co.uk\/pl\/wp-json\/wp\/v2\/tags?post=62509"}],"curies":[{"name":"wp","href":"https:\/\/api.w.org\/{rel}","templated":true}]}}